{"id":117454,"date":"2019-09-18T08:09:08","date_gmt":"2019-09-18T11:09:08","guid":{"rendered":"http:\/\/www.caririemacao.com\/1\/?p=117454"},"modified":"2019-09-18T08:09:08","modified_gmt":"2019-09-18T11:09:08","slug":"prefeitura-de-amparo-emite-nota-de-pesar-pelo-falecimento-do-senhor-damiao-de-janoca","status":"publish","type":"post","link":"https:\/\/www.caririemacao.com\/1\/2019\/09\/18\/prefeitura-de-amparo-emite-nota-de-pesar-pelo-falecimento-do-senhor-damiao-de-janoca\/","title":{"rendered":"Prefeitura de Amparo emite Nota de Pesar Pelo Falecimento do Senhor Dami\u00e3o de Janoca"},"content":{"rendered":"\n<p>A Prefeitura de Amparo, em nome do Prefeito In\u00e1cio N\u00f3brega e do Vice Fl\u00e1vio Messias, emitiu uma Nota de Pesar Pelo Falecimento do Senhor Dami\u00e3o Pereira de Carvalho, mais conhecido como \u201cSeu Dami\u00e3o de Janoca\u201d.<\/p>\n\n\n\n<p><em>\u201cEm nome da Prefeitura Municipal de Amparo, o prefeito In\u00e1cio N\u00f3brega e o vice-prefeito Fl\u00e1vio Messias se solidarizam com a fam\u00edlia e amigos pelo falecimento do Senhor Dami\u00e3o Pereira de Carvalho, mais conhecido como Seu Dami\u00e3o de Janoca.<\/em><em><br><\/em><em>Neste momento de dor, nos solidarizamos com seus familiares ratificando nosso voto de pesar pela grande perda.&#8221;<\/em><br><\/p>\n","protected":false},"excerpt":{"rendered":"<p>A Prefeitura de Amparo, em nome do Prefeito In\u00e1cio N\u00f3brega e do Vice Fl\u00e1vio Messias, emitiu uma Nota de Pesar Pelo Falecimento do Senhor Dami\u00e3o&hellip; <\/p>\n","protected":false},"author":1,"featured_media":117456,"comment_status":"closed","ping_status":"closed","sticky":false,"template":"","format":"standard","meta":{"sfsi_plus_gutenberg_text_before_share":"","sfsi_plus_gutenberg_show_text_before_share":"","sfsi_plus_gutenberg_icon_type":"","sfsi_plus_gutenberg_icon_alignemt":"","sfsi_plus_gutenburg_max_per_row":"","footnotes":""},"categories":[2],"tags":[],"class_list":["post-117454","post","type-post","status-publish","format-standard","has-post-thumbnail","hentry","category-geral"],"_links":{"self":[{"href":"https:\/\/www.caririemacao.com\/1\/wp-json\/wp\/v2\/posts\/117454","targetHints":{"allow":["GET"]}}],"collection":[{"href":"https:\/\/www.caririemacao.com\/1\/wp-json\/wp\/v2\/posts"}],"about":[{"href":"https:\/\/www.caririemacao.com\/1\/wp-json\/wp\/v2\/types\/post"}],"author":[{"embeddable":true,"href":"https:\/\/www.caririemacao.com\/1\/wp-json\/wp\/v2\/users\/1"}],"replies":[{"embeddable":true,"href":"https:\/\/www.caririemacao.com\/1\/wp-json\/wp\/v2\/comments?post=117454"}],"version-history":[{"count":1,"href":"https:\/\/www.caririemacao.com\/1\/wp-json\/wp\/v2\/posts\/117454\/revisions"}],"predecessor-version":[{"id":117457,"href":"https:\/\/www.caririemacao.com\/1\/wp-json\/wp\/v2\/posts\/117454\/revisions\/117457"}],"wp:featuredmedia":[{"embeddable":true,"href":"https:\/\/www.caririemacao.com\/1\/wp-json\/wp\/v2\/media\/117456"}],"wp:attachment":[{"href":"https:\/\/www.caririemacao.com\/1\/wp-json\/wp\/v2\/media?parent=117454"}],"wp:term":[{"taxonomy":"category","embeddable":true,"href":"https:\/\/www.caririemacao.com\/1\/wp-json\/wp\/v2\/categories?post=117454"},{"taxonomy":"post_tag","embeddable":true,"href":"https:\/\/www.caririemacao.com\/1\/wp-json\/wp\/v2\/tags?post=117454"}],"curies":[{"name":"wp","href":"https:\/\/api.w.org\/{rel}","templated":true}]}}