{"id":117466,"date":"2019-09-18T08:12:56","date_gmt":"2019-09-18T11:12:56","guid":{"rendered":"http:\/\/www.caririemacao.com\/1\/?p=117466"},"modified":"2019-09-18T08:12:56","modified_gmt":"2019-09-18T11:12:56","slug":"prefeitura-de-caraubas-e-uepb-irao-firmar-parceria-para-elaborar-mapeamento-turistico","status":"publish","type":"post","link":"https:\/\/www.caririemacao.com\/1\/2019\/09\/18\/prefeitura-de-caraubas-e-uepb-irao-firmar-parceria-para-elaborar-mapeamento-turistico\/","title":{"rendered":"PREFEITURA DE CARA\u00daBAS E UEPB IR\u00c3O FIRMAR PARCERIA PARA ELABORAR MAPEAMENTO TUR\u00cdSTICO"},"content":{"rendered":"\n<p>Em reuni\u00e3o realizada na manh\u00e3 desta quarta-feira, dia 11\/09, o prefeito Silvano Dudu recebeu em seu gabinete a presen\u00e7a do professor Juvandi de Souza Santos especialista em arqueologia e paleontologia junto a Universidade Estadual da Para\u00edba \u2013 UEPB.O objetivo da reuni\u00e3o foi formalizar um termo de conv\u00eanio com a UEPB para realiza\u00e7\u00e3o de um amplo trabalho de levantamento dos s\u00edtios arqueol\u00f3gicos, paleontol\u00f3gicos e espeleol\u00f3gicos do munic\u00edpio de Cara\u00fabas, haja vista, a inclus\u00e3o do munic\u00edpio no mapa do turismo da Para\u00edba e do Brasil. De acordo com o professor ser\u00e1 feito um trabalho de identifica\u00e7\u00e3o e localiza\u00e7\u00e3o dessas \u00e1reas e ser\u00e1 elaborado um roteiro tur\u00edstico que visa, sobretudo, instalar um museu hist\u00f3rico e geogr\u00e1fico do munic\u00edpio, disse ele.Participaram da reuni\u00e3o o prefeito Silvano Dudu, os secret\u00e1rios municipais do Turismo, Silvana Mylena, das Finan\u00e7as Silvio Fernandes, da Assist\u00eancia Social, Fl\u00e1via Quirino, da Educa\u00e7\u00e3o Rhayanne Fernandes e do Planejamento, Comunica\u00e7\u00e3o e Gest\u00e3o, jornalista Eduardo Belo. Sabemos do potencial de Cara\u00fabas para explora\u00e7\u00e3o tur\u00edstica, precisamos nos organizar e formar essa rede de divulga\u00e7\u00e3o para que as pessoas possam conhecer a realidade do nosso munic\u00edpio, disse o prefeito Silvano.&nbsp;O secret\u00e1rio do planejamento, Eduardo Belo, afirmou a disponibilidade do munic\u00edpio em realizar esse trabalho de mapeamento dos principais pontos tur\u00edsticos do munic\u00edpio, vamos produzir um folder com a localiza\u00e7\u00e3o e promo\u00e7\u00e3o desses locais para que mais pessoas possam conhecer a nossa realidade tur\u00edstica, cultural e patrimonial, disse ele.Por determina\u00e7\u00e3o do prefeito Silvano Dudu a secretaria do turismo, da cultura, do desporto e do lazer, ficar\u00e1 encarregada de providenciar toda documenta\u00e7\u00e3o necess\u00e1ria a celebra\u00e7\u00e3o do presente Termo de Conv\u00eanio. Ainda, esta semana estaremos enviando a solicita\u00e7\u00e3o por meio de of\u00edcio ao magnifico Reitor Ant\u00f4nio Guedes Rangel J\u00fanior para que possamos formalizar o termo de conv\u00eanio, afirmou a secret\u00e1ria Silvana Myllena.Ainda de acordo com o professor Juvandi de Souza, a cataloga\u00e7\u00e3o de todo material arqueol\u00f3gico ser\u00e1 de extrema import\u00e2ncia para a arqueologia e para a hist\u00f3ria do munic\u00edpio. Somente com esses estudos \u00e9 que podemos transformar nossa maior mat\u00e9ria prima em caso de estudo, afirmou ele. Al\u00e9m desse trabalho iremos realizar um trabalho de educa\u00e7\u00e3o patrimonial, junto a professores e alunos da rede de ensino do munic\u00edpio, disse ela.<\/p>\n","protected":false},"excerpt":{"rendered":"<p>Em reuni\u00e3o realizada na manh\u00e3 desta quarta-feira, dia 11\/09, o prefeito Silvano Dudu recebeu em seu gabinete a presen\u00e7a do professor Juvandi de Souza Santos&hellip; <\/p>\n","protected":false},"author":1,"featured_media":117468,"comment_status":"closed","ping_status":"closed","sticky":false,"template":"","format":"standard","meta":{"sfsi_plus_gutenberg_text_before_share":"","sfsi_plus_gutenberg_show_text_before_share":"","sfsi_plus_gutenberg_icon_type":"","sfsi_plus_gutenberg_icon_alignemt":"","sfsi_plus_gutenburg_max_per_row":"","footnotes":""},"categories":[2],"tags":[],"class_list":["post-117466","post","type-post","status-publish","format-standard","has-post-thumbnail","hentry","category-geral"],"_links":{"self":[{"href":"https:\/\/www.caririemacao.com\/1\/wp-json\/wp\/v2\/posts\/117466","targetHints":{"allow":["GET"]}}],"collection":[{"href":"https:\/\/www.caririemacao.com\/1\/wp-json\/wp\/v2\/posts"}],"about":[{"href":"https:\/\/www.caririemacao.com\/1\/wp-json\/wp\/v2\/types\/post"}],"author":[{"embeddable":true,"href":"https:\/\/www.caririemacao.com\/1\/wp-json\/wp\/v2\/users\/1"}],"replies":[{"embeddable":true,"href":"https:\/\/www.caririemacao.com\/1\/wp-json\/wp\/v2\/comments?post=117466"}],"version-history":[{"count":1,"href":"https:\/\/www.caririemacao.com\/1\/wp-json\/wp\/v2\/posts\/117466\/revisions"}],"predecessor-version":[{"id":117469,"href":"https:\/\/www.caririemacao.com\/1\/wp-json\/wp\/v2\/posts\/117466\/revisions\/117469"}],"wp:featuredmedia":[{"embeddable":true,"href":"https:\/\/www.caririemacao.com\/1\/wp-json\/wp\/v2\/media\/117468"}],"wp:attachment":[{"href":"https:\/\/www.caririemacao.com\/1\/wp-json\/wp\/v2\/media?parent=117466"}],"wp:term":[{"taxonomy":"category","embeddable":true,"href":"https:\/\/www.caririemacao.com\/1\/wp-json\/wp\/v2\/categories?post=117466"},{"taxonomy":"post_tag","embeddable":true,"href":"https:\/\/www.caririemacao.com\/1\/wp-json\/wp\/v2\/tags?post=117466"}],"curies":[{"name":"wp","href":"https:\/\/api.w.org\/{rel}","templated":true}]}}