{"id":117481,"date":"2019-09-18T08:18:01","date_gmt":"2019-09-18T11:18:01","guid":{"rendered":"http:\/\/www.caririemacao.com\/1\/?p=117481"},"modified":"2019-09-18T08:18:01","modified_gmt":"2019-09-18T11:18:01","slug":"trabalhadores-dos-correios-da-paraiba-encerram-greve-e-voltam-atividades-a-partir-desta-quarta","status":"publish","type":"post","link":"https:\/\/www.caririemacao.com\/1\/2019\/09\/18\/trabalhadores-dos-correios-da-paraiba-encerram-greve-e-voltam-atividades-a-partir-desta-quarta\/","title":{"rendered":"Trabalhadores dos Correios da Para\u00edba encerram greve e voltam atividades a partir desta quarta"},"content":{"rendered":"\n<p>Os trabalhadores dos Correios da Para\u00edba encerraram na noite desta ter\u00e7a-feira (17), a greve durante uma assembleia&nbsp;realizada pelo Sindicato dos Trabalhadores de Correios e Tel\u00e9grafos da Para\u00edba (Sintect). Os funcion\u00e1rios&nbsp;voltam as atividades a partir desta quarta-feira (18).&nbsp;<\/p>\n\n\n\n<p>A paralisa\u00e7\u00e3o come\u00e7ou no dia 11 de setembro e reivindicava&nbsp;reposi\u00e7\u00e3o salarial da categoria.<br><\/p>\n\n\n\n<p>Durante os seis dias que durou a paralisa\u00e7\u00e3o,&nbsp;a&nbsp;categoria manteve 70% do efetivo em atividade por causa de uma decis\u00e3o judicial, segundo informou o presidente do sindicato, Tony S\u00e9rgio. Segundo ele, o Tribunal Superior do Trabalho (TST) deve julgar a reivindaca\u00e7\u00e3o da classe no pr\u00f3ximo dia 2 de outubro.<\/p>\n\n\n\n<p>O secret\u00e1rio de comunica\u00e7\u00e3o do sindicato, Alex Albino, informou que a&nbsp;categoria permanecer\u00e1 em estado de greve, com isso&nbsp;uma nova paralisa\u00e7\u00e3o pode acontecer em breve.<\/p>\n\n\n\n<p>Ainda segundo ele, a empresa&nbsp;deve se organizar para colocar em dia as entregas que n\u00e3o foram feitas durante a greve.<\/p>\n","protected":false},"excerpt":{"rendered":"<p>Os trabalhadores dos Correios da Para\u00edba encerraram na noite desta ter\u00e7a-feira (17), a greve durante uma assembleia&nbsp;realizada pelo Sindicato dos Trabalhadores de Correios e Tel\u00e9grafos&hellip; <\/p>\n","protected":false},"author":1,"featured_media":113741,"comment_status":"closed","ping_status":"closed","sticky":false,"template":"","format":"standard","meta":{"sfsi_plus_gutenberg_text_before_share":"","sfsi_plus_gutenberg_show_text_before_share":"","sfsi_plus_gutenberg_icon_type":"","sfsi_plus_gutenberg_icon_alignemt":"","sfsi_plus_gutenburg_max_per_row":"","footnotes":""},"categories":[6],"tags":[],"class_list":["post-117481","post","type-post","status-publish","format-standard","has-post-thumbnail","hentry","category-cidades"],"_links":{"self":[{"href":"https:\/\/www.caririemacao.com\/1\/wp-json\/wp\/v2\/posts\/117481","targetHints":{"allow":["GET"]}}],"collection":[{"href":"https:\/\/www.caririemacao.com\/1\/wp-json\/wp\/v2\/posts"}],"about":[{"href":"https:\/\/www.caririemacao.com\/1\/wp-json\/wp\/v2\/types\/post"}],"author":[{"embeddable":true,"href":"https:\/\/www.caririemacao.com\/1\/wp-json\/wp\/v2\/users\/1"}],"replies":[{"embeddable":true,"href":"https:\/\/www.caririemacao.com\/1\/wp-json\/wp\/v2\/comments?post=117481"}],"version-history":[{"count":1,"href":"https:\/\/www.caririemacao.com\/1\/wp-json\/wp\/v2\/posts\/117481\/revisions"}],"predecessor-version":[{"id":117483,"href":"https:\/\/www.caririemacao.com\/1\/wp-json\/wp\/v2\/posts\/117481\/revisions\/117483"}],"wp:featuredmedia":[{"embeddable":true,"href":"https:\/\/www.caririemacao.com\/1\/wp-json\/wp\/v2\/media\/113741"}],"wp:attachment":[{"href":"https:\/\/www.caririemacao.com\/1\/wp-json\/wp\/v2\/media?parent=117481"}],"wp:term":[{"taxonomy":"category","embeddable":true,"href":"https:\/\/www.caririemacao.com\/1\/wp-json\/wp\/v2\/categories?post=117481"},{"taxonomy":"post_tag","embeddable":true,"href":"https:\/\/www.caririemacao.com\/1\/wp-json\/wp\/v2\/tags?post=117481"}],"curies":[{"name":"wp","href":"https:\/\/api.w.org\/{rel}","templated":true}]}}