{"id":117535,"date":"2019-09-18T08:26:26","date_gmt":"2019-09-18T11:26:26","guid":{"rendered":"http:\/\/www.caririemacao.com\/1\/?p=117535"},"modified":"2019-09-18T08:26:26","modified_gmt":"2019-09-18T11:26:26","slug":"viagem-de-bolsonaro-a-nova-york-depende-de-aval-medico","status":"publish","type":"post","link":"https:\/\/www.caririemacao.com\/1\/2019\/09\/18\/viagem-de-bolsonaro-a-nova-york-depende-de-aval-medico\/","title":{"rendered":"Viagem de Bolsonaro a Nova York depende de aval m\u00e9dico"},"content":{"rendered":"\n<p>&nbsp;presidente Jair Bolsonaro ser\u00e1 reavaliado pela equipe do m\u00e9dico Antonio Macedo, na pr\u00f3xima sexta-feira (20), antes de confirmar sua viagem para Nova York, onde participar\u00e1 da abertura da 74\u00aa Assembleia Geral das Na\u00e7\u00f5es Unidas (ONU). Macedo foi o respons\u00e1vel pelas \u00faltimas tr\u00eas cirurgias do presidente para o tratamento do ferimento \u00e0 faca sofrido por ele em setembro do ano passado, durante ato da campanha eleitoral.<br><\/p>\n\n\n\n<p>&#8220;A viagem do presidente est\u00e1 praticamente definida, mas ainda sob an\u00e1lise, em particular no quesito avalia\u00e7\u00e3o m\u00e9dica, que ocorrer\u00e1 na pr\u00f3xima sexta-feira, aqui em Bras\u00edlia, pela equipe do doutor Macedo. A recupera\u00e7\u00e3o do senhor presidente \u00e9 muito positiva, tudo indica ele [o m\u00e9dico] dar\u00e1 a confirma\u00e7\u00e3o e n\u00f3s embarcaremos no dia 23 para Nova York&#8221;, afirmou hoje (17) o porta-voz da Presid\u00eancia da Rep\u00fablica, Ot\u00e1vio R\u00eago Barros, durante coletiva de imprensa.&nbsp;<\/p>\n\n\n\n<p>A previs\u00e3o \u00e9 que o presidente fa\u00e7a exames no in\u00edcio da manh\u00e3 de sexta e seja avaliado em seguida pelos m\u00e9dicos. Os procedimentos ocorrer\u00e3o no Hospital DF Star, em Bras\u00edlia, filial do mesmo hospital que o presidente ficou internado nos \u00faltimos dias, o Vila Nova Star, na capital paulista.<\/p>\n\n\n\n<p>Segundo o porta-voz, o presidente tem apresentado &#8220;melhora cl\u00ednica progressiva&#8221; e tem seguido todas as recomenda\u00e7\u00f5es m\u00e9dicas, como dieta, realiza\u00e7\u00e3o de fisioterapia e redu\u00e7\u00e3o da intensidade da agenda. Ao longo dessa semana, o presidente s\u00f3 deve mesmo despachar do Pal\u00e1cio do Alvorada, resid\u00eancia oficial, e n\u00e3o do Pal\u00e1cio do Planalto, que \u00e9 a sede do Executivo federal.&nbsp;<\/p>\n\n\n\n<p>O presidente Jair Bolsonaro chegou na tarde desta segunda-feira (16) ao Pal\u00e1cio do Alvorada, resid\u00eancia oficial, ap\u00f3s ter recebido alta, mais cedo, do Hospital Vila Nova Star, em S\u00e3o Paulo REUTERS\/Adriano Machado<br>O presidente Jair Bolsonaro chegou na tarde de segunda-feira (16) ao Pal\u00e1cio do Alvorada, resid\u00eancia oficial, ap\u00f3s ter recebido alta, mais cedo, do Hospital Vila Nova Star, em S\u00e3o Paulo &#8211; REUTERS\/Adriano Machado\/Direitos<br>Caso receba o aval para viajar, o presidente e sua comitiva, que ainda n\u00e3o foi anunciada, v\u00e3o embarcar da Base A\u00e9rea de Bras\u00edlia no dia 23 de setembro, \u00e0s 8h, com chegada prevista nos Estados Unidos \u00e0s 16h. No dia 24, Bolsonaro deve se reunir com o secret\u00e1rio-geral da ONU, Ant\u00f3nio Gut\u00e9rrez. N\u00e3o est\u00e3o previstos encontros bilaterais com outros chefes de Estado. Nesse mesmo dia, o presidente far\u00e1 o discurso de abertura da Assembleia Anual, que \u00e9 tradicionalmente reservado ao l\u00edder brasileiro.<\/p>\n\n\n\n<p>De acordo com o Pal\u00e1cio do Planalto, a agenda do presidente em Nova York foi reduzida justamente por causa do quadro de sa\u00fade do presidente, que ainda inspira cuidados na recupera\u00e7\u00e3o da cirurgia. No dia 25, Bolsonaro embarca de volta ao Brasil, mas far\u00e1 uma escala na cidade de Dallas, no Texas, onde se reunir\u00e1 com empres\u00e1rios do setor de tecnologia. O governo brasileiro n\u00e3o deu mais detalhes sobre essa agenda.&nbsp;<\/p>\n","protected":false},"excerpt":{"rendered":"<p>&nbsp;presidente Jair Bolsonaro ser\u00e1 reavaliado pela equipe do m\u00e9dico Antonio Macedo, na pr\u00f3xima sexta-feira (20), antes de confirmar sua viagem para Nova York, onde participar\u00e1&hellip; <\/p>\n","protected":false},"author":1,"featured_media":111985,"comment_status":"closed","ping_status":"closed","sticky":false,"template":"","format":"standard","meta":{"sfsi_plus_gutenberg_text_before_share":"","sfsi_plus_gutenberg_show_text_before_share":"","sfsi_plus_gutenberg_icon_type":"","sfsi_plus_gutenberg_icon_alignemt":"","sfsi_plus_gutenburg_max_per_row":"","footnotes":""},"categories":[11],"tags":[],"class_list":["post-117535","post","type-post","status-publish","format-standard","has-post-thumbnail","hentry","category-politica"],"_links":{"self":[{"href":"https:\/\/www.caririemacao.com\/1\/wp-json\/wp\/v2\/posts\/117535","targetHints":{"allow":["GET"]}}],"collection":[{"href":"https:\/\/www.caririemacao.com\/1\/wp-json\/wp\/v2\/posts"}],"about":[{"href":"https:\/\/www.caririemacao.com\/1\/wp-json\/wp\/v2\/types\/post"}],"author":[{"embeddable":true,"href":"https:\/\/www.caririemacao.com\/1\/wp-json\/wp\/v2\/users\/1"}],"replies":[{"embeddable":true,"href":"https:\/\/www.caririemacao.com\/1\/wp-json\/wp\/v2\/comments?post=117535"}],"version-history":[{"count":1,"href":"https:\/\/www.caririemacao.com\/1\/wp-json\/wp\/v2\/posts\/117535\/revisions"}],"predecessor-version":[{"id":117537,"href":"https:\/\/www.caririemacao.com\/1\/wp-json\/wp\/v2\/posts\/117535\/revisions\/117537"}],"wp:featuredmedia":[{"embeddable":true,"href":"https:\/\/www.caririemacao.com\/1\/wp-json\/wp\/v2\/media\/111985"}],"wp:attachment":[{"href":"https:\/\/www.caririemacao.com\/1\/wp-json\/wp\/v2\/media?parent=117535"}],"wp:term":[{"taxonomy":"category","embeddable":true,"href":"https:\/\/www.caririemacao.com\/1\/wp-json\/wp\/v2\/categories?post=117535"},{"taxonomy":"post_tag","embeddable":true,"href":"https:\/\/www.caririemacao.com\/1\/wp-json\/wp\/v2\/tags?post=117535"}],"curies":[{"name":"wp","href":"https:\/\/api.w.org\/{rel}","templated":true}]}}