{"id":117562,"date":"2019-09-18T08:38:32","date_gmt":"2019-09-18T11:38:32","guid":{"rendered":"http:\/\/www.caririemacao.com\/1\/?p=117562"},"modified":"2019-09-18T08:38:32","modified_gmt":"2019-09-18T11:38:32","slug":"portaria-com-indicacao-de-filme-brasileiro-ao-oscar-2020-e-publicada","status":"publish","type":"post","link":"https:\/\/www.caririemacao.com\/1\/2019\/09\/18\/portaria-com-indicacao-de-filme-brasileiro-ao-oscar-2020-e-publicada\/","title":{"rendered":"Portaria com indica\u00e7\u00e3o de filme brasileiro ao Oscar 2020 \u00e9 publicada"},"content":{"rendered":"\n<p>A indica\u00e7\u00e3o do filme<em>&nbsp;A Vida Invis\u00edvel de Eur\u00eddice Gusm\u00e3o<\/em>, dirigido por Karim A\u00efnouz, como candidato brasileiro ao Pr\u00eamio de Longa-metragem Internacional da 92\u00aa Premia\u00e7\u00e3o Anual promovida pela Academy of Motion Picture Arts and Sciences, Oscar 2020, est\u00e1 publicada na edi\u00e7\u00e3o desta quarta-feira (18) do&nbsp;<a href=\"http:\/\/www.in.gov.br\/en\/web\/dou\/-\/portaria-n-1.758-de-16-de-setembro-de-2019-216799296\" target=\"_blank\" rel=\"noreferrer noopener\"><em>Di\u00e1rio Oficial da Uni\u00e3o<\/em><\/a>.<\/p>\n\n\n\n<p>De acordo com a portaria n\u00ba 1.758, de 16 de setembro 2019, do Minist\u00e9rio da Cidadania, a sele\u00e7\u00e3o do longa-metragem foi feita por especialistas indicados pela Academia Brasileira de Cinema: Amir Labaki, Anna Luiza Machado da Silva Muylaert (Anna Muylaert), David Ribeiro Schurmann (David Schurmann), Ilda Maria Santiago Ribeiro (Ilda Santiago), Mikael Faleiros de Albuquerque (Mikael de Albuquerque), Jussara Nunes da Silveira (Sara Silveira), Vania Beatriz Lima Catani (Vania Catani), Walter Carvalho e Silva (Walter Carvalho) e Jos\u00e9 Viana de Oliveira Paula (Zelito Viana). A Vida Invis\u00edvel de Eur\u00eddice Gusm\u00e3o disputou com outros 11 filmes.<\/p>\n\n\n\n<p><em>A Voz do Sil\u00eancio<\/em>, de Andr\u00e9 Ristum;&nbsp;<em>A \u00daltima Aboli\u00e7\u00e3o<\/em>, de Alice Gomes;&nbsp;<em>Bacurau<\/em>, de Kleber Mendon\u00e7a Filho e Juliano Dornelles;<em>&nbsp;Bio<\/em>, de Carlos Gerbase;<em>&nbsp;Chorar de Rir<\/em>, de Toniko Melo;&nbsp;<em>Espero tua (Re)volta<\/em>, de Eliza Capai;&nbsp;<em>Humberto Mauro<\/em>, de Andr\u00e9 Di Mauro;&nbsp;<em>Legalidade<\/em>, de Zeca Brito;&nbsp;<em>Los Silencios<\/em>, de Beatriz Seigner;<em>&nbsp;Simonal<\/em>, de Leonardo Domingues; e&nbsp;<em>S\u00f3crates<\/em>, de Alex Moratto.<\/p>\n\n\n\n<p><em>A Vida Invis\u00edvel de Eur\u00eddice Gusm\u00e3o<\/em>&nbsp;\u00e9 ambientado na cidade do Rio de Janeiro, ent\u00e3o capital do Brasil, nos anos 1940 e 1950, e conta a hist\u00f3ria de duas mulheres: as irm\u00e3s Eur\u00eddice, interpretado pela atriz Carol Duarte, e Guida, personagem vivido por Julia Stockler. Com sonhos diferentes para suas vidas, enfrentam todo tipo de dificuldades impostas \u00e0s mulheres naquela \u00e9poca. O longa-metragem \u00e9 baseado no romance do mesmo nome, da escritora pernambucana Martha Batalha.<\/p>\n","protected":false},"excerpt":{"rendered":"<p>A indica\u00e7\u00e3o do filme&nbsp;A Vida Invis\u00edvel de Eur\u00eddice Gusm\u00e3o, dirigido por Karim A\u00efnouz, como candidato brasileiro ao Pr\u00eamio de Longa-metragem Internacional da 92\u00aa Premia\u00e7\u00e3o Anual&hellip; <\/p>\n","protected":false},"author":1,"featured_media":63442,"comment_status":"closed","ping_status":"closed","sticky":false,"template":"","format":"standard","meta":{"sfsi_plus_gutenberg_text_before_share":"","sfsi_plus_gutenberg_show_text_before_share":"","sfsi_plus_gutenberg_icon_type":"","sfsi_plus_gutenberg_icon_alignemt":"","sfsi_plus_gutenburg_max_per_row":"","footnotes":""},"categories":[2],"tags":[],"class_list":["post-117562","post","type-post","status-publish","format-standard","has-post-thumbnail","hentry","category-geral"],"_links":{"self":[{"href":"https:\/\/www.caririemacao.com\/1\/wp-json\/wp\/v2\/posts\/117562","targetHints":{"allow":["GET"]}}],"collection":[{"href":"https:\/\/www.caririemacao.com\/1\/wp-json\/wp\/v2\/posts"}],"about":[{"href":"https:\/\/www.caririemacao.com\/1\/wp-json\/wp\/v2\/types\/post"}],"author":[{"embeddable":true,"href":"https:\/\/www.caririemacao.com\/1\/wp-json\/wp\/v2\/users\/1"}],"replies":[{"embeddable":true,"href":"https:\/\/www.caririemacao.com\/1\/wp-json\/wp\/v2\/comments?post=117562"}],"version-history":[{"count":1,"href":"https:\/\/www.caririemacao.com\/1\/wp-json\/wp\/v2\/posts\/117562\/revisions"}],"predecessor-version":[{"id":117564,"href":"https:\/\/www.caririemacao.com\/1\/wp-json\/wp\/v2\/posts\/117562\/revisions\/117564"}],"wp:featuredmedia":[{"embeddable":true,"href":"https:\/\/www.caririemacao.com\/1\/wp-json\/wp\/v2\/media\/63442"}],"wp:attachment":[{"href":"https:\/\/www.caririemacao.com\/1\/wp-json\/wp\/v2\/media?parent=117562"}],"wp:term":[{"taxonomy":"category","embeddable":true,"href":"https:\/\/www.caririemacao.com\/1\/wp-json\/wp\/v2\/categories?post=117562"},{"taxonomy":"post_tag","embeddable":true,"href":"https:\/\/www.caririemacao.com\/1\/wp-json\/wp\/v2\/tags?post=117562"}],"curies":[{"name":"wp","href":"https:\/\/api.w.org\/{rel}","templated":true}]}}