{"id":117577,"date":"2019-09-18T08:54:23","date_gmt":"2019-09-18T11:54:23","guid":{"rendered":"http:\/\/www.caririemacao.com\/1\/?p=117577"},"modified":"2019-09-18T08:54:23","modified_gmt":"2019-09-18T11:54:23","slug":"prefeito-de-ss-do-umbuzeiro-adriano-wolff-e-recebido-pelo-senador-veneziano-em-seu-gabinete-nesta-terca-17","status":"publish","type":"post","link":"https:\/\/www.caririemacao.com\/1\/2019\/09\/18\/prefeito-de-ss-do-umbuzeiro-adriano-wolff-e-recebido-pelo-senador-veneziano-em-seu-gabinete-nesta-terca-17\/","title":{"rendered":"Prefeito de SS do Umbuzeiro Adriano Wolff \u00e9 recebido pelo Senador Veneziano em seu gabinete nesta ter\u00e7a (17)"},"content":{"rendered":"\n<figure class=\"wp-block-image\"><img decoding=\"async\" data-src=\"https:\/\/lh6.googleusercontent.com\/proxy\/K5rfRjrwons3bH6kDFPXfhlR2nMXek-qrhJsu6_IhZQLgePlJ0sPIVp4nvBnHAkJhZPvgfS3rxwAn2VI8mrNLQ=s0-d\" alt=\"Id Foto: 2456_10.jpg\" src=\"data:image\/svg+xml;base64,PHN2ZyB3aWR0aD0iMSIgaGVpZ2h0PSIxIiB4bWxucz0iaHR0cDovL3d3dy53My5vcmcvMjAwMC9zdmciPjwvc3ZnPg==\" class=\"lazyload\" \/><\/figure>\n\n\n\n<p>O Senador Veneziano Vital do R\u00eago (PSB-PB) recebeu diversos Prefeitos em seu gabinete nesta ter\u00e7a (17)&nbsp;&nbsp;para tratar de assuntos relativos \u00e0 parte jur\u00eddica e cont\u00e1bil dos munic\u00edpios que tramita no Senado.&#8221;Nosso gabinete \u00e9 sempre assim aqui em Bras\u00edlia cheio , podemos dizer claro em tom de brincadeira&nbsp;&nbsp;um puxadinho para esse batalhadores que sempre est\u00e3o aqui na capital pensando no melhor para seus munic\u00edpios &#8221; brincou Veneziano.&#8221;Estivemos ao lado dos Prefeitos amigos no gabinete do Senador Veneziano, onde tratamos sobre diversas pautas municipalistas e tamb\u00e9m pleitos para S\u00e3o Sebasti\u00e3o do Umbuzeiro. Estamos em Bras\u00edlia pensando em muitas melhorias para nossa cidade &#8220;, destacou o Prefeito Adriano Wolff.<strong>Com FESTPB<\/strong><\/p>\n","protected":false},"excerpt":{"rendered":"<p>O Senador Veneziano Vital do R\u00eago (PSB-PB) recebeu diversos Prefeitos em seu gabinete nesta ter\u00e7a (17)&nbsp;&nbsp;para tratar de assuntos relativos \u00e0 parte jur\u00eddica e cont\u00e1bil&hellip; <\/p>\n","protected":false},"author":1,"featured_media":117579,"comment_status":"closed","ping_status":"closed","sticky":false,"template":"","format":"standard","meta":{"sfsi_plus_gutenberg_text_before_share":"","sfsi_plus_gutenberg_show_text_before_share":"","sfsi_plus_gutenberg_icon_type":"","sfsi_plus_gutenberg_icon_alignemt":"","sfsi_plus_gutenburg_max_per_row":"","footnotes":""},"categories":[2],"tags":[],"class_list":["post-117577","post","type-post","status-publish","format-standard","has-post-thumbnail","hentry","category-geral"],"_links":{"self":[{"href":"https:\/\/www.caririemacao.com\/1\/wp-json\/wp\/v2\/posts\/117577","targetHints":{"allow":["GET"]}}],"collection":[{"href":"https:\/\/www.caririemacao.com\/1\/wp-json\/wp\/v2\/posts"}],"about":[{"href":"https:\/\/www.caririemacao.com\/1\/wp-json\/wp\/v2\/types\/post"}],"author":[{"embeddable":true,"href":"https:\/\/www.caririemacao.com\/1\/wp-json\/wp\/v2\/users\/1"}],"replies":[{"embeddable":true,"href":"https:\/\/www.caririemacao.com\/1\/wp-json\/wp\/v2\/comments?post=117577"}],"version-history":[{"count":1,"href":"https:\/\/www.caririemacao.com\/1\/wp-json\/wp\/v2\/posts\/117577\/revisions"}],"predecessor-version":[{"id":117580,"href":"https:\/\/www.caririemacao.com\/1\/wp-json\/wp\/v2\/posts\/117577\/revisions\/117580"}],"wp:featuredmedia":[{"embeddable":true,"href":"https:\/\/www.caririemacao.com\/1\/wp-json\/wp\/v2\/media\/117579"}],"wp:attachment":[{"href":"https:\/\/www.caririemacao.com\/1\/wp-json\/wp\/v2\/media?parent=117577"}],"wp:term":[{"taxonomy":"category","embeddable":true,"href":"https:\/\/www.caririemacao.com\/1\/wp-json\/wp\/v2\/categories?post=117577"},{"taxonomy":"post_tag","embeddable":true,"href":"https:\/\/www.caririemacao.com\/1\/wp-json\/wp\/v2\/tags?post=117577"}],"curies":[{"name":"wp","href":"https:\/\/api.w.org\/{rel}","templated":true}]}}