{"id":117587,"date":"2019-09-18T09:03:42","date_gmt":"2019-09-18T12:03:42","guid":{"rendered":"http:\/\/www.caririemacao.com\/1\/?p=117587"},"modified":"2019-09-18T09:03:42","modified_gmt":"2019-09-18T12:03:42","slug":"associacao-das-autoescolas-diz-que-fim-da-obrigatoriedade-do-simulador-devera-reduzir-preco-para-quem-vai-tirar-cnh","status":"publish","type":"post","link":"https:\/\/www.caririemacao.com\/1\/2019\/09\/18\/associacao-das-autoescolas-diz-que-fim-da-obrigatoriedade-do-simulador-devera-reduzir-preco-para-quem-vai-tirar-cnh\/","title":{"rendered":"Associa\u00e7\u00e3o das Autoescolas diz que fim da obrigatoriedade do simulador dever\u00e1 reduzir pre\u00e7o para quem vai tirar CNH"},"content":{"rendered":"\n<p>Uma reuni\u00e3o&nbsp;entre a Secretaria Municipal de Prote\u00e7\u00e3o e Defesa do Consumidor e a Associa\u00e7\u00e3o das Empresas Credenciadas para Forma\u00e7\u00e3o de Condutores no Estado da Para\u00edba, realizada nesta ter\u00e7a-feira (17), definiu que haver\u00e1&nbsp;redu\u00e7\u00e3o no pre\u00e7o das autoescolas,&nbsp;<a href=\"https:\/\/www.clickpb.com.br\/brasil\/contran-reduz-aulas-praticas-e-acaba-com-obrigatoriedade-de-simuladores-para-emissao-da-cnh-262277.html\">devido ao fim da obrigatoriedade do simulador<\/a>&nbsp;nas aulas para os motoristas que v\u00e3o tirar a Carteira Nacional de Habilita\u00e7\u00e3o (CNH).<\/p>\n\n\n\n<figure class=\"wp-block-image\"><img decoding=\"async\" data-src=\"https:\/\/www.clickpb.com.br\/media\/filer_public\/b5\/b3\/b5b3f095-e491-445a-b3dd-f644d09aea3a\/autoescola1.jpg\" alt=\"\" src=\"data:image\/svg+xml;base64,PHN2ZyB3aWR0aD0iMSIgaGVpZ2h0PSIxIiB4bWxucz0iaHR0cDovL3d3dy53My5vcmcvMjAwMC9zdmciPjwvc3ZnPg==\" class=\"lazyload\" \/><\/figure>\n\n\n\n<p>A redu\u00e7\u00e3o do valor acontece nos contratos realizados a partir do dia 16 de setembro.&nbsp;A previs\u00e3o&nbsp;\u00e9 que a redu\u00e7\u00e3o do custo para tirar a CNH caia em torno de 15% e a quantidade de horas-aula caia de 25 para 20 horas.&nbsp;<\/p>\n\n\n\n<p>No caso dos contratos firmados antes do dia 16 de setembro, a redu\u00e7\u00e3o n\u00e3o se aplica. Segundo o&nbsp;vice-presidente da Associa\u00e7\u00e3o, Thiago Isaac, quem fez o contrato antes dessa data est\u00e1 sujeito a outra legisla\u00e7\u00e3o, a que previa o uso do simulador e dever\u00e1 ser&nbsp;<a href=\"https:\/\/www.clickpb.com.br\/paraiba\/alunos-que-se-matricularam-em-autoescola-ate-ultima-sexta-feira-terao-que-fazer-aula-em-simuladores-267994.html\">cumprida com as aulas prevista<\/a>s.&nbsp;<\/p>\n\n\n\n<p><strong>Contran&nbsp;<\/strong><\/p>\n\n\n\n<p>De acordo com a decis\u00e3o do Contran, o uso de simuladores na forma\u00e7\u00e3o do motorista n\u00e3o \u00e9 mais obrigat\u00f3rio, se tornando opcional para o consumidor que pretende adquirir a Carteira Nacional de Habilita\u00e7\u00e3o (CNH).&nbsp;<\/p>\n","protected":false},"excerpt":{"rendered":"<p>Uma reuni\u00e3o&nbsp;entre a Secretaria Municipal de Prote\u00e7\u00e3o e Defesa do Consumidor e a Associa\u00e7\u00e3o das Empresas Credenciadas para Forma\u00e7\u00e3o de Condutores no Estado da Para\u00edba,&hellip; <\/p>\n","protected":false},"author":1,"featured_media":117589,"comment_status":"closed","ping_status":"closed","sticky":false,"template":"","format":"standard","meta":{"sfsi_plus_gutenberg_text_before_share":"","sfsi_plus_gutenberg_show_text_before_share":"","sfsi_plus_gutenberg_icon_type":"","sfsi_plus_gutenberg_icon_alignemt":"","sfsi_plus_gutenburg_max_per_row":"","footnotes":""},"categories":[2],"tags":[],"class_list":["post-117587","post","type-post","status-publish","format-standard","has-post-thumbnail","hentry","category-geral"],"_links":{"self":[{"href":"https:\/\/www.caririemacao.com\/1\/wp-json\/wp\/v2\/posts\/117587","targetHints":{"allow":["GET"]}}],"collection":[{"href":"https:\/\/www.caririemacao.com\/1\/wp-json\/wp\/v2\/posts"}],"about":[{"href":"https:\/\/www.caririemacao.com\/1\/wp-json\/wp\/v2\/types\/post"}],"author":[{"embeddable":true,"href":"https:\/\/www.caririemacao.com\/1\/wp-json\/wp\/v2\/users\/1"}],"replies":[{"embeddable":true,"href":"https:\/\/www.caririemacao.com\/1\/wp-json\/wp\/v2\/comments?post=117587"}],"version-history":[{"count":1,"href":"https:\/\/www.caririemacao.com\/1\/wp-json\/wp\/v2\/posts\/117587\/revisions"}],"predecessor-version":[{"id":117590,"href":"https:\/\/www.caririemacao.com\/1\/wp-json\/wp\/v2\/posts\/117587\/revisions\/117590"}],"wp:featuredmedia":[{"embeddable":true,"href":"https:\/\/www.caririemacao.com\/1\/wp-json\/wp\/v2\/media\/117589"}],"wp:attachment":[{"href":"https:\/\/www.caririemacao.com\/1\/wp-json\/wp\/v2\/media?parent=117587"}],"wp:term":[{"taxonomy":"category","embeddable":true,"href":"https:\/\/www.caririemacao.com\/1\/wp-json\/wp\/v2\/categories?post=117587"},{"taxonomy":"post_tag","embeddable":true,"href":"https:\/\/www.caririemacao.com\/1\/wp-json\/wp\/v2\/tags?post=117587"}],"curies":[{"name":"wp","href":"https:\/\/api.w.org\/{rel}","templated":true}]}}