{"id":117599,"date":"2019-09-18T09:05:55","date_gmt":"2019-09-18T12:05:55","guid":{"rendered":"http:\/\/www.caririemacao.com\/1\/?p=117599"},"modified":"2019-09-18T09:05:55","modified_gmt":"2019-09-18T12:05:55","slug":"ladrao-tenta-roubar-fios-de-rede-telefonica-cai-do-poste-e-fratura-o-tornozelo","status":"publish","type":"post","link":"https:\/\/www.caririemacao.com\/1\/2019\/09\/18\/ladrao-tenta-roubar-fios-de-rede-telefonica-cai-do-poste-e-fratura-o-tornozelo\/","title":{"rendered":"Ladr\u00e3o tenta roubar fios de rede telef\u00f4nica, cai do poste e fratura o tornozelo"},"content":{"rendered":"\n<p>Um ladr\u00e3o atrapalhado acabou sendo v\u00edtima da pr\u00f3pria a\u00e7\u00e3o na madrugada desta quarta-feira (18) no munic\u00edpio de Sousa, Sert\u00e3o do estado. Segundo informa\u00e7\u00f5es da pol\u00edcia, o homem estaria tentando roubar fios da rede telef\u00f4nica, mas caiu do poste e fraturou o tornozelo.<\/p>\n\n\n\n<p>Moradores da \u00e1rea acionaram o Servi\u00e7o de Atendimento M\u00f3vel de Urg\u00eancia (SAMU) ap\u00f3s perceberem o homem ca\u00eddo pr\u00f3ximo ao poste. Uma ambul\u00e2ncia foi at\u00e9 o local para realizar os primeiros atendimentos ao paciente que sofreu fratura no tornozelo direito.<\/p>\n\n\n\n<p>Ap\u00f3s receber atendimento, o suspeito foi levado ao Hospital Regional de Sousa (HRS) tratar o machucado.<\/p>\n\n\n\n<p>A Pol\u00edcia Militar esteve no local realizando os procedimentos necess\u00e1rios ao caso.<\/p>\n","protected":false},"excerpt":{"rendered":"<p>Um ladr\u00e3o atrapalhado acabou sendo v\u00edtima da pr\u00f3pria a\u00e7\u00e3o na madrugada desta quarta-feira (18) no munic\u00edpio de Sousa, Sert\u00e3o do estado. Segundo informa\u00e7\u00f5es da pol\u00edcia,&hellip; <\/p>\n","protected":false},"author":1,"featured_media":117601,"comment_status":"closed","ping_status":"closed","sticky":false,"template":"","format":"standard","meta":{"sfsi_plus_gutenberg_text_before_share":"","sfsi_plus_gutenberg_show_text_before_share":"","sfsi_plus_gutenberg_icon_type":"","sfsi_plus_gutenberg_icon_alignemt":"","sfsi_plus_gutenburg_max_per_row":"","footnotes":""},"categories":[12],"tags":[],"class_list":["post-117599","post","type-post","status-publish","format-standard","has-post-thumbnail","hentry","category-policia"],"_links":{"self":[{"href":"https:\/\/www.caririemacao.com\/1\/wp-json\/wp\/v2\/posts\/117599","targetHints":{"allow":["GET"]}}],"collection":[{"href":"https:\/\/www.caririemacao.com\/1\/wp-json\/wp\/v2\/posts"}],"about":[{"href":"https:\/\/www.caririemacao.com\/1\/wp-json\/wp\/v2\/types\/post"}],"author":[{"embeddable":true,"href":"https:\/\/www.caririemacao.com\/1\/wp-json\/wp\/v2\/users\/1"}],"replies":[{"embeddable":true,"href":"https:\/\/www.caririemacao.com\/1\/wp-json\/wp\/v2\/comments?post=117599"}],"version-history":[{"count":1,"href":"https:\/\/www.caririemacao.com\/1\/wp-json\/wp\/v2\/posts\/117599\/revisions"}],"predecessor-version":[{"id":117603,"href":"https:\/\/www.caririemacao.com\/1\/wp-json\/wp\/v2\/posts\/117599\/revisions\/117603"}],"wp:featuredmedia":[{"embeddable":true,"href":"https:\/\/www.caririemacao.com\/1\/wp-json\/wp\/v2\/media\/117601"}],"wp:attachment":[{"href":"https:\/\/www.caririemacao.com\/1\/wp-json\/wp\/v2\/media?parent=117599"}],"wp:term":[{"taxonomy":"category","embeddable":true,"href":"https:\/\/www.caririemacao.com\/1\/wp-json\/wp\/v2\/categories?post=117599"},{"taxonomy":"post_tag","embeddable":true,"href":"https:\/\/www.caririemacao.com\/1\/wp-json\/wp\/v2\/tags?post=117599"}],"curies":[{"name":"wp","href":"https:\/\/api.w.org\/{rel}","templated":true}]}}