{"id":117612,"date":"2019-09-18T09:08:18","date_gmt":"2019-09-18T12:08:18","guid":{"rendered":"http:\/\/www.caririemacao.com\/1\/?p=117612"},"modified":"2019-09-18T09:08:18","modified_gmt":"2019-09-18T12:08:18","slug":"policia-militar-abre-inscricoes-para-dois-concursos-publicos-com-2-788-vagas","status":"publish","type":"post","link":"https:\/\/www.caririemacao.com\/1\/2019\/09\/18\/policia-militar-abre-inscricoes-para-dois-concursos-publicos-com-2-788-vagas\/","title":{"rendered":"Pol\u00edcia Militar abre inscri\u00e7\u00f5es para dois concursos p\u00fablicos com 2.788 vagas"},"content":{"rendered":"\n<p>As Pol\u00edcias Militares da Bahia e de S\u00e3o Paulo inscrevem para dois concursos p\u00fablicos com 2.788 vagas no cargos de&nbsp;Soldado PM de 2\u00aa Classe do Quadro de Pra\u00e7as da PM (QPPM) e para o&nbsp;Curso de Forma\u00e7\u00e3o de Oficiais (CFOPM\/CFOBM).&nbsp;<\/p>\n\n\n\n<p>Os interessados poder\u00e3o se inscrever atrav\u00e9s dos sites das empresas organizadoras dos certames.&nbsp;<\/p>\n\n\n\n<p><strong>Confira<\/strong><\/p>\n\n\n\n<p><strong>Pol\u00edcia Militar de S\u00e3o Paulo<\/strong><\/p>\n\n\n\n<p>A Pol\u00edcia Militar de S\u00e3o Paulo inscreve para o concurso p\u00fablico para o preenchimento de 2.700 vagas no cargo de Soldado PM de 2\u00aa Classe do Quadro de Pra\u00e7as da PM (QPPM). A Funda\u00e7\u00e3o VUNESP tem a responsabilidade do certame.<\/p>\n\n\n\n<p><a href=\"https:\/\/www.vunesp.com.br\/PMES1902\">Confira o edital<\/a><\/p>\n\n\n\n<p>Os interessados&nbsp;podem se inscrever at\u00e9 \u00e0s 23 horas e 59 minutos do dia 25 de setembro de 2019, no&nbsp;<a href=\"https:\/\/www.vunesp.com.br\/\">site oficial da organizadora do concurso<\/a>. A taxa de inscri\u00e7\u00e3o \u00e9 de R$50,00.<br><\/p>\n\n\n\n<p>A remunera\u00e7\u00e3o b\u00e1sica inicial para o cargo de Soldado PM de 2\u00aa Classe \u00e9 de R$ 3.164,58.&nbsp;<\/p>\n\n\n\n<p>A prova objetiva ser\u00e1 composta por 60&nbsp;quest\u00f5es de m\u00faltipla escolha.&nbsp;A avalia\u00e7\u00e3o ter\u00e1 quest\u00f5es de L\u00edngua Portuguesa e Interpreta\u00e7\u00e3o de Texto (20), Matem\u00e1tica (15), Conhecimentos Gerais (15), No\u00e7\u00f5es B\u00e1sicas de Inform\u00e1tica (05) e No\u00e7\u00f5es de Administra\u00e7\u00e3o P\u00fablica (05). J\u00e1 a&nbsp;prova dissertativa ser\u00e1 composta de uma reda\u00e7\u00e3o<\/p>\n\n\n\n<p>As provas acontecem no dia 24 de novembro de 2019.<\/p>\n\n\n\n<p><strong>Pol\u00edcia Militar da Bahia<\/strong><\/p>\n\n\n\n<p>A Pol\u00edcia Militar e o Corpo de Bombeiros Militar da Bahia inscrevem para o&nbsp;Curso de Forma\u00e7\u00e3o de Oficiais (CFO), com&nbsp;88 vagas. Das vagas oferecidas 60 s\u00e3o&nbsp;para Pol\u00edcia Militar e 28 para os Bombeiros. O Centro de Processos Seletivos \u2013 CPS da Universidade do Estado da Bahia \u2013 UNEB \u00e9 o respons\u00e1vel pelo concurso.<\/p>\n\n\n\n<p><a href=\"http:\/\/www.cfopmbm2019.uneb.br\/\">Confira o edital<\/a><\/p>\n\n\n\n<p>De acordo com o edital, das 60 vagas para Pol\u00edcia Militar, 54 s\u00e3o para os homens e 06 s\u00e3o para mulheres. J\u00e1 para os Bombeiros, das 28 vagas divulgadas, 25 s\u00e3o para os homens e 03 para mulheres.<\/p>\n\n\n\n<p>Os interessados&nbsp;poder\u00e3o se inscrever at\u00e9 23 horas e 59 minutos do dia 29 de setembro, no&nbsp;<a href=\"http:\/\/www.cfopmbm2019.uneb.br\/\">site da empresa organizadora<\/a>. O valor da taxa de inscri\u00e7\u00e3o ser\u00e1 de R$ 138,00.&nbsp;<\/p>\n\n\n\n<p>Os candidatos matriculados no Curso de Forma\u00e7\u00e3o de Oficiais (CFOPM\/CFOBM) ser\u00e3o nomeados pra\u00e7as especiais, na gradua\u00e7\u00e3o de Aluno(a) Oficial PM\/BM e receber\u00e3o bolsa de estudo,&nbsp;exceto se forem militares estaduais de carreira.<\/p>\n\n\n\n<p>Durante o per\u00edodo de realiza\u00e7\u00e3o do Curso de Forma\u00e7\u00e3o de Oficiais, o candidato matriculado na condi\u00e7\u00e3o de Aluno(a) Oficial PM\/BM receber\u00e1, a t\u00edtulo de bolsa de estudo&nbsp;no 1\u00ba ano de R$ 2.251,37,&nbsp;no 2\u00ba ano de&nbsp;R$ 2.626,59 e&nbsp;no 3\u00ba ano de&nbsp;R$ 3.001,82.<\/p>\n","protected":false},"excerpt":{"rendered":"<p>As Pol\u00edcias Militares da Bahia e de S\u00e3o Paulo inscrevem para dois concursos p\u00fablicos com 2.788 vagas no cargos de&nbsp;Soldado PM de 2\u00aa Classe do&hellip; <\/p>\n","protected":false},"author":1,"featured_media":102896,"comment_status":"closed","ping_status":"closed","sticky":false,"template":"","format":"standard","meta":{"sfsi_plus_gutenberg_text_before_share":"","sfsi_plus_gutenberg_show_text_before_share":"","sfsi_plus_gutenberg_icon_type":"","sfsi_plus_gutenberg_icon_alignemt":"","sfsi_plus_gutenburg_max_per_row":"","footnotes":""},"categories":[12],"tags":[],"class_list":["post-117612","post","type-post","status-publish","format-standard","has-post-thumbnail","hentry","category-policia"],"_links":{"self":[{"href":"https:\/\/www.caririemacao.com\/1\/wp-json\/wp\/v2\/posts\/117612","targetHints":{"allow":["GET"]}}],"collection":[{"href":"https:\/\/www.caririemacao.com\/1\/wp-json\/wp\/v2\/posts"}],"about":[{"href":"https:\/\/www.caririemacao.com\/1\/wp-json\/wp\/v2\/types\/post"}],"author":[{"embeddable":true,"href":"https:\/\/www.caririemacao.com\/1\/wp-json\/wp\/v2\/users\/1"}],"replies":[{"embeddable":true,"href":"https:\/\/www.caririemacao.com\/1\/wp-json\/wp\/v2\/comments?post=117612"}],"version-history":[{"count":1,"href":"https:\/\/www.caririemacao.com\/1\/wp-json\/wp\/v2\/posts\/117612\/revisions"}],"predecessor-version":[{"id":117613,"href":"https:\/\/www.caririemacao.com\/1\/wp-json\/wp\/v2\/posts\/117612\/revisions\/117613"}],"wp:featuredmedia":[{"embeddable":true,"href":"https:\/\/www.caririemacao.com\/1\/wp-json\/wp\/v2\/media\/102896"}],"wp:attachment":[{"href":"https:\/\/www.caririemacao.com\/1\/wp-json\/wp\/v2\/media?parent=117612"}],"wp:term":[{"taxonomy":"category","embeddable":true,"href":"https:\/\/www.caririemacao.com\/1\/wp-json\/wp\/v2\/categories?post=117612"},{"taxonomy":"post_tag","embeddable":true,"href":"https:\/\/www.caririemacao.com\/1\/wp-json\/wp\/v2\/tags?post=117612"}],"curies":[{"name":"wp","href":"https:\/\/api.w.org\/{rel}","templated":true}]}}