{"id":117670,"date":"2019-09-18T10:00:51","date_gmt":"2019-09-18T13:00:51","guid":{"rendered":"http:\/\/www.caririemacao.com\/1\/?p=117670"},"modified":"2019-09-18T10:00:51","modified_gmt":"2019-09-18T13:00:51","slug":"agressao-contra-a-mulher-vai-gerar-custos-financeiros-para-o-agressor","status":"publish","type":"post","link":"https:\/\/www.caririemacao.com\/1\/2019\/09\/18\/agressao-contra-a-mulher-vai-gerar-custos-financeiros-para-o-agressor\/","title":{"rendered":"Agress\u00e3o contra a mulher vai gerar custos financeiros para o agressor"},"content":{"rendered":"\n<p>O agressor de viol\u00eancia dom\u00e9stica ter\u00e1 que ressarcir o Sistema \u00danico de Sa\u00fade (SUS) os custos m\u00e9dicos e hospitalares de atendimento \u00e0 v\u00edtima de suas agress\u00f5es. A Lei n\u00ba 11.340, que estabelece a responsabiliza\u00e7\u00e3o, sancionada pelo presidente da Rep\u00fablica, Jair Bolsonaro, est\u00e1 publicada no&nbsp;<a href=\"http:\/\/www.in.gov.br\/en\/web\/dou\/-\/lei-n-13.871-de-17-de-setembro-de-2019-216803998\" target=\"_blank\" rel=\"noreferrer noopener\"><em>Di\u00e1rio Oficial da Uni\u00e3o<\/em><\/a>&nbsp;desta quarta-feira (18).<\/p>\n\n\n\n<p>De acordo com o texto, &#8220;aquele que, por a\u00e7\u00e3o ou omiss\u00e3o, causar les\u00e3o, viol\u00eancia f\u00edsica, sexual ou psicol\u00f3gica e dano moral ou patrimonial a mulher fica obrigado a ressarcir todos os danos causados, inclusive ao Sistema \u00danico de Sa\u00fade (SUS)&#8221;. Os recursos arrecadados v\u00e3o para o Fundo de Sa\u00fade do ente federado respons\u00e1vel pelas unidades de sa\u00fade que prestarem os servi\u00e7os de atendimento \u00e0 v\u00edtima de viol\u00eancia dom\u00e9stica.<\/p>\n\n\n\n<p>&nbsp;O documento diz ainda que, nos casos como os de uso do abrigo pelas v\u00edtimas e de dispositivos de monitoramento, os custos ser\u00e3o tamb\u00e9m ressarcidos pelo agressor. A portaria prev\u00ea tamb\u00e9m que os bens da v\u00edtima de viol\u00eancia dom\u00e9stica n\u00e3o podem ser usados pelo autor da agress\u00e3o para o pagamento dos custos e nem como atenuante de pena ou comuta\u00e7\u00e3o, de restri\u00e7\u00e3o de liberdade para pecuni\u00e1ria.<\/p>\n\n\n\n<p>Segundo o projeto Rel\u00f3gios da Viol\u00eancia do Instituto Maria da Penha (IMP), a cada 7,2 segundos uma mulher sofre agress\u00e3o f\u00edsica no Brasil.<\/p>\n","protected":false},"excerpt":{"rendered":"<p>O agressor de viol\u00eancia dom\u00e9stica ter\u00e1 que ressarcir o Sistema \u00danico de Sa\u00fade (SUS) os custos m\u00e9dicos e hospitalares de atendimento \u00e0 v\u00edtima de suas&hellip; <\/p>\n","protected":false},"author":1,"featured_media":114340,"comment_status":"closed","ping_status":"closed","sticky":false,"template":"","format":"standard","meta":{"sfsi_plus_gutenberg_text_before_share":"","sfsi_plus_gutenberg_show_text_before_share":"","sfsi_plus_gutenberg_icon_type":"","sfsi_plus_gutenberg_icon_alignemt":"","sfsi_plus_gutenburg_max_per_row":"","footnotes":""},"categories":[2],"tags":[],"class_list":["post-117670","post","type-post","status-publish","format-standard","has-post-thumbnail","hentry","category-geral"],"_links":{"self":[{"href":"https:\/\/www.caririemacao.com\/1\/wp-json\/wp\/v2\/posts\/117670","targetHints":{"allow":["GET"]}}],"collection":[{"href":"https:\/\/www.caririemacao.com\/1\/wp-json\/wp\/v2\/posts"}],"about":[{"href":"https:\/\/www.caririemacao.com\/1\/wp-json\/wp\/v2\/types\/post"}],"author":[{"embeddable":true,"href":"https:\/\/www.caririemacao.com\/1\/wp-json\/wp\/v2\/users\/1"}],"replies":[{"embeddable":true,"href":"https:\/\/www.caririemacao.com\/1\/wp-json\/wp\/v2\/comments?post=117670"}],"version-history":[{"count":1,"href":"https:\/\/www.caririemacao.com\/1\/wp-json\/wp\/v2\/posts\/117670\/revisions"}],"predecessor-version":[{"id":117672,"href":"https:\/\/www.caririemacao.com\/1\/wp-json\/wp\/v2\/posts\/117670\/revisions\/117672"}],"wp:featuredmedia":[{"embeddable":true,"href":"https:\/\/www.caririemacao.com\/1\/wp-json\/wp\/v2\/media\/114340"}],"wp:attachment":[{"href":"https:\/\/www.caririemacao.com\/1\/wp-json\/wp\/v2\/media?parent=117670"}],"wp:term":[{"taxonomy":"category","embeddable":true,"href":"https:\/\/www.caririemacao.com\/1\/wp-json\/wp\/v2\/categories?post=117670"},{"taxonomy":"post_tag","embeddable":true,"href":"https:\/\/www.caririemacao.com\/1\/wp-json\/wp\/v2\/tags?post=117670"}],"curies":[{"name":"wp","href":"https:\/\/api.w.org\/{rel}","templated":true}]}}