{"id":117693,"date":"2019-09-18T10:15:10","date_gmt":"2019-09-18T13:15:10","guid":{"rendered":"http:\/\/www.caririemacao.com\/1\/?p=117693"},"modified":"2019-09-18T10:15:10","modified_gmt":"2019-09-18T13:15:10","slug":"secretaria-de-assistencia-social-de-caraubas-ira-promover-conferencia-para-debater-prioridades-nas-politicas-publicas","status":"publish","type":"post","link":"https:\/\/www.caririemacao.com\/1\/2019\/09\/18\/secretaria-de-assistencia-social-de-caraubas-ira-promover-conferencia-para-debater-prioridades-nas-politicas-publicas\/","title":{"rendered":"Secretaria de Assist\u00eancia Social de Cara\u00fabas ir\u00e1 promover confer\u00eancia para debater prioridades nas Pol\u00edticas P\u00fablicas"},"content":{"rendered":"\n<p>O Conselho Municipal de Assist\u00eancia Social (CMAS), com apoio\nda Secretaria de Assist\u00eancia Social da Prefeitura de Cara\u00fabas\/PB, realizar\u00e3o a\n6\u00aa Confer\u00eancia Municipal de Assist\u00eancia Social com o tema \u201cAssist\u00eancia Social:\nDireito do Povo, com Financiamento P\u00fablico e Participa\u00e7\u00e3o Social\u201d. <\/p>\n\n\n\n<p>O encontro ser\u00e1 no&nbsp;dia 24 de setembro, das 8h \u00e0s 13h, no\nCentro de Conviv\u00eancia e Fortalecimento de V\u00ednculos, antigo Grupo Escolar.<\/p>\n\n\n\n<p>Segundo a secret\u00e1ria Flavinha, a confer\u00eancia \u00e9 aberta a todo\no p\u00fablico, em especial aos usu\u00e1rios dos programas assistenciais de Cara\u00fabas, e\ntem como foco a avalia\u00e7\u00e3o da pol\u00edtica de assist\u00eancia social e a constru\u00e7\u00e3o de\ndiretrizes para aprimoramento do Sistema \u00danico de Assist\u00eancia Social (SUAS).\nS\u00e3o colocados em pauta tanto programas a n\u00edvel governamental, como tamb\u00e9m,\nprogramas municipais a fim de debater e estabelecer prioridades nas Pol\u00edticas\nP\u00fablicas.<\/p>\n","protected":false},"excerpt":{"rendered":"<p>O Conselho Municipal de Assist\u00eancia Social (CMAS), com apoio da Secretaria de Assist\u00eancia Social da Prefeitura de Cara\u00fabas\/PB, realizar\u00e3o a 6\u00aa Confer\u00eancia Municipal de Assist\u00eancia&hellip; <\/p>\n","protected":false},"author":2,"featured_media":14904,"comment_status":"closed","ping_status":"closed","sticky":false,"template":"","format":"standard","meta":{"sfsi_plus_gutenberg_text_before_share":"","sfsi_plus_gutenberg_show_text_before_share":"","sfsi_plus_gutenberg_icon_type":"","sfsi_plus_gutenberg_icon_alignemt":"","sfsi_plus_gutenburg_max_per_row":"","footnotes":""},"categories":[6,50],"tags":[],"class_list":["post-117693","post","type-post","status-publish","format-standard","has-post-thumbnail","hentry","category-cidades","category-destaque"],"_links":{"self":[{"href":"https:\/\/www.caririemacao.com\/1\/wp-json\/wp\/v2\/posts\/117693","targetHints":{"allow":["GET"]}}],"collection":[{"href":"https:\/\/www.caririemacao.com\/1\/wp-json\/wp\/v2\/posts"}],"about":[{"href":"https:\/\/www.caririemacao.com\/1\/wp-json\/wp\/v2\/types\/post"}],"author":[{"embeddable":true,"href":"https:\/\/www.caririemacao.com\/1\/wp-json\/wp\/v2\/users\/2"}],"replies":[{"embeddable":true,"href":"https:\/\/www.caririemacao.com\/1\/wp-json\/wp\/v2\/comments?post=117693"}],"version-history":[{"count":1,"href":"https:\/\/www.caririemacao.com\/1\/wp-json\/wp\/v2\/posts\/117693\/revisions"}],"predecessor-version":[{"id":117695,"href":"https:\/\/www.caririemacao.com\/1\/wp-json\/wp\/v2\/posts\/117693\/revisions\/117695"}],"wp:featuredmedia":[{"embeddable":true,"href":"https:\/\/www.caririemacao.com\/1\/wp-json\/wp\/v2\/media\/14904"}],"wp:attachment":[{"href":"https:\/\/www.caririemacao.com\/1\/wp-json\/wp\/v2\/media?parent=117693"}],"wp:term":[{"taxonomy":"category","embeddable":true,"href":"https:\/\/www.caririemacao.com\/1\/wp-json\/wp\/v2\/categories?post=117693"},{"taxonomy":"post_tag","embeddable":true,"href":"https:\/\/www.caririemacao.com\/1\/wp-json\/wp\/v2\/tags?post=117693"}],"curies":[{"name":"wp","href":"https:\/\/api.w.org\/{rel}","templated":true}]}}