{"id":117696,"date":"2019-09-18T10:51:14","date_gmt":"2019-09-18T13:51:14","guid":{"rendered":"http:\/\/www.caririemacao.com\/1\/?p=117696"},"modified":"2019-09-18T10:51:14","modified_gmt":"2019-09-18T13:51:14","slug":"camara-de-sume-realizou-sessao-na-ultima-segunda-feira-16-confira-o-que-aconteceu","status":"publish","type":"post","link":"https:\/\/www.caririemacao.com\/1\/2019\/09\/18\/camara-de-sume-realizou-sessao-na-ultima-segunda-feira-16-confira-o-que-aconteceu\/","title":{"rendered":"C\u00e2mara de Sum\u00e9 realizou sess\u00e3o na \u00faltima segunda-feira (16); Confira o que aconteceu"},"content":{"rendered":"\n<p>Na noite desta segunda-feira (16), aconteceu mais uma importante\nreuni\u00e3o do Legislativo sumeense, o encontro aconteceu no plen\u00e1rio da Casa\nC\u00edcero Soares.<\/p>\n\n\n\n<p>Durante a sess\u00e3o, os vereadores aprovaram 04 proposituras,\nsendo um requerimento do vereador Jefferson Menezes, dois projetos de lei do\nPoder Executivo e um projeto de lei do vereador Bonilson Tim\u00f3teo.<\/p>\n\n\n\n<p>O requerimento do Jefferson Figueiredo Menezes requer que\nseja feita a climatiza\u00e7\u00e3o das salas da Escola Jos\u00e9 Bonif\u00e1cio Barbosa de Andrade,\nlocalizada no Distrito de Pio X.<\/p>\n\n\n\n<p>O projeto de Lei de autoria do vereador Bonilson Tim\u00f3teo declara\na Festa de Nossa Senhora da Concei\u00e7\u00e3o como Patrim\u00f4nio Hist\u00f3rico, Cultural e\nImaterial do Munic\u00edpio de Sum\u00e9. <\/p>\n\n\n\n<p>O presidente explicou que com a aprova\u00e7\u00e3o fica declarada a\nFesta de Nossa Senhora da Concei\u00e7\u00e3o, que ocorre anualmente em Sum\u00e9-PB, entre os\ndias 29 de novembro \u00e0 08 de dezembro, como Patrim\u00f4nio Hist\u00f3rico, Cultural e\nImaterial do Munic\u00edpio de Sum\u00e9.<\/p>\n\n\n\n<p>Tamb\u00e9m foram aprovados dois projetos de lei do Poder\nExecutivo, o primeiro que denomina de Marcolino de Freitas Barros a Unidade\n\u00c2ncora de Sa\u00fade localizada no S\u00edtio Carna\u00faba de Cima, permanecendo inalterado o\nnome da antiga escola que funcionava na comunidade.<\/p>\n\n\n\n<p>O segundo projeto de lei aprovado, trata sobre o Sistema\n\u00danico de Assist\u00eancia Social do Munic\u00edpio de Sum\u00e9 com o objetivo de promover a\nprote\u00e7\u00e3o social, visando \u00e0 garantia da vida, \u00e0 redu\u00e7\u00e3o de danos e \u00e0 preven\u00e7\u00e3o\nda incid\u00eancia de riscos, e v\u00e1rias outras pol\u00edticas sociais no munic\u00edpio. <\/p>\n","protected":false},"excerpt":{"rendered":"<p>Na noite desta segunda-feira (16), aconteceu mais uma importante reuni\u00e3o do Legislativo sumeense, o encontro aconteceu no plen\u00e1rio da Casa C\u00edcero Soares. Durante a sess\u00e3o,&hellip; <\/p>\n","protected":false},"author":2,"featured_media":117698,"comment_status":"closed","ping_status":"closed","sticky":false,"template":"","format":"standard","meta":{"sfsi_plus_gutenberg_text_before_share":"","sfsi_plus_gutenberg_show_text_before_share":"","sfsi_plus_gutenberg_icon_type":"","sfsi_plus_gutenberg_icon_alignemt":"","sfsi_plus_gutenburg_max_per_row":"","footnotes":""},"categories":[6,50],"tags":[],"class_list":["post-117696","post","type-post","status-publish","format-standard","has-post-thumbnail","hentry","category-cidades","category-destaque"],"_links":{"self":[{"href":"https:\/\/www.caririemacao.com\/1\/wp-json\/wp\/v2\/posts\/117696","targetHints":{"allow":["GET"]}}],"collection":[{"href":"https:\/\/www.caririemacao.com\/1\/wp-json\/wp\/v2\/posts"}],"about":[{"href":"https:\/\/www.caririemacao.com\/1\/wp-json\/wp\/v2\/types\/post"}],"author":[{"embeddable":true,"href":"https:\/\/www.caririemacao.com\/1\/wp-json\/wp\/v2\/users\/2"}],"replies":[{"embeddable":true,"href":"https:\/\/www.caririemacao.com\/1\/wp-json\/wp\/v2\/comments?post=117696"}],"version-history":[{"count":1,"href":"https:\/\/www.caririemacao.com\/1\/wp-json\/wp\/v2\/posts\/117696\/revisions"}],"predecessor-version":[{"id":117699,"href":"https:\/\/www.caririemacao.com\/1\/wp-json\/wp\/v2\/posts\/117696\/revisions\/117699"}],"wp:featuredmedia":[{"embeddable":true,"href":"https:\/\/www.caririemacao.com\/1\/wp-json\/wp\/v2\/media\/117698"}],"wp:attachment":[{"href":"https:\/\/www.caririemacao.com\/1\/wp-json\/wp\/v2\/media?parent=117696"}],"wp:term":[{"taxonomy":"category","embeddable":true,"href":"https:\/\/www.caririemacao.com\/1\/wp-json\/wp\/v2\/categories?post=117696"},{"taxonomy":"post_tag","embeddable":true,"href":"https:\/\/www.caririemacao.com\/1\/wp-json\/wp\/v2\/tags?post=117696"}],"curies":[{"name":"wp","href":"https:\/\/api.w.org\/{rel}","templated":true}]}}