{"id":117700,"date":"2019-09-18T11:05:19","date_gmt":"2019-09-18T14:05:19","guid":{"rendered":"http:\/\/www.caririemacao.com\/1\/?p=117700"},"modified":"2019-09-18T11:05:19","modified_gmt":"2019-09-18T14:05:19","slug":"fenomeno-de-votos-no-cariri-romualdo-afirma-que-esta-observando-turbulencia-no-psb-e-nao-tem-opiniao-sobre-a-crise","status":"publish","type":"post","link":"https:\/\/www.caririemacao.com\/1\/2019\/09\/18\/fenomeno-de-votos-no-cariri-romualdo-afirma-que-esta-observando-turbulencia-no-psb-e-nao-tem-opiniao-sobre-a-crise\/","title":{"rendered":"Fen\u00f4meno de votos no Cariri, Romualdo afirma que est\u00e1 observando turbul\u00eancia no PSB e n\u00e3o tem opini\u00e3o sobre a crise"},"content":{"rendered":"\n<p> O primeiro suplente de deputado estadual do PSB e considerado um fen\u00f4meno de votos na \u00faltima elei\u00e7\u00e3o estadual, o m\u00e9dico Dr.Romualdo, afirmou que est\u00e1 observando a turbul\u00eancia no PSB e expressou que n\u00e3o tem opini\u00e3o sobre a crise instalada, \u00a0por n\u00e3o saber de fato o que est\u00e1 acontecendo.\u201cEu fui candidato no PSB. Eu sou governo. Se tiver chances de assumir serei governo porque votei em Jo\u00e3o Azev\u00eado\u201d, expressou Romualdo.Romualdo foi prefeito da cidade do Congo, e sua base eleitoral \u00e9 a regi\u00e3o do Cariri paraibano.<\/p>\n","protected":false},"excerpt":{"rendered":"<p>O primeiro suplente de deputado estadual do PSB e considerado um fen\u00f4meno de votos na \u00faltima elei\u00e7\u00e3o estadual, o m\u00e9dico Dr.Romualdo, afirmou que est\u00e1 observando&hellip; <\/p>\n","protected":false},"author":1,"featured_media":117702,"comment_status":"closed","ping_status":"closed","sticky":false,"template":"","format":"standard","meta":{"sfsi_plus_gutenberg_text_before_share":"","sfsi_plus_gutenberg_show_text_before_share":"","sfsi_plus_gutenberg_icon_type":"","sfsi_plus_gutenberg_icon_alignemt":"","sfsi_plus_gutenburg_max_per_row":"","footnotes":""},"categories":[2],"tags":[],"class_list":["post-117700","post","type-post","status-publish","format-standard","has-post-thumbnail","hentry","category-geral"],"_links":{"self":[{"href":"https:\/\/www.caririemacao.com\/1\/wp-json\/wp\/v2\/posts\/117700","targetHints":{"allow":["GET"]}}],"collection":[{"href":"https:\/\/www.caririemacao.com\/1\/wp-json\/wp\/v2\/posts"}],"about":[{"href":"https:\/\/www.caririemacao.com\/1\/wp-json\/wp\/v2\/types\/post"}],"author":[{"embeddable":true,"href":"https:\/\/www.caririemacao.com\/1\/wp-json\/wp\/v2\/users\/1"}],"replies":[{"embeddable":true,"href":"https:\/\/www.caririemacao.com\/1\/wp-json\/wp\/v2\/comments?post=117700"}],"version-history":[{"count":1,"href":"https:\/\/www.caririemacao.com\/1\/wp-json\/wp\/v2\/posts\/117700\/revisions"}],"predecessor-version":[{"id":117703,"href":"https:\/\/www.caririemacao.com\/1\/wp-json\/wp\/v2\/posts\/117700\/revisions\/117703"}],"wp:featuredmedia":[{"embeddable":true,"href":"https:\/\/www.caririemacao.com\/1\/wp-json\/wp\/v2\/media\/117702"}],"wp:attachment":[{"href":"https:\/\/www.caririemacao.com\/1\/wp-json\/wp\/v2\/media?parent=117700"}],"wp:term":[{"taxonomy":"category","embeddable":true,"href":"https:\/\/www.caririemacao.com\/1\/wp-json\/wp\/v2\/categories?post=117700"},{"taxonomy":"post_tag","embeddable":true,"href":"https:\/\/www.caririemacao.com\/1\/wp-json\/wp\/v2\/tags?post=117700"}],"curies":[{"name":"wp","href":"https:\/\/api.w.org\/{rel}","templated":true}]}}