{"id":117713,"date":"2019-09-18T11:50:22","date_gmt":"2019-09-18T14:50:22","guid":{"rendered":"http:\/\/www.caririemacao.com\/1\/?p=117713"},"modified":"2019-09-18T11:50:22","modified_gmt":"2019-09-18T14:50:22","slug":"camara-de-congo-inicia-reunioes-itinerantes-nesta-quinta-feira-no-riacho-do-algodao","status":"publish","type":"post","link":"https:\/\/www.caririemacao.com\/1\/2019\/09\/18\/camara-de-congo-inicia-reunioes-itinerantes-nesta-quinta-feira-no-riacho-do-algodao\/","title":{"rendered":"C\u00e2mara de Congo inicia reuni\u00f5es itinerantes nesta quinta-feira no Riacho do Algod\u00e3o"},"content":{"rendered":"\n<p>Sob a presid\u00eancia do vereador Lenilson Bezerra, a C\u00e2mara Municipal de Congo inicia nesta quinta-feira, dia 19, \u00e0s 19h, no S\u00edtio Riacho do Algod\u00e3o, a C\u00e2mara Itinerante, objetivando ouvir e debater com os moradores os problemas da comunidade.<br>O presidente Lenilson convida todos para participar desta reuni\u00e3o itinerante que acontece nesta quinta-feira, no S\u00edtio Riacho do Algod\u00e3o, com a presen\u00e7a dos vereadores, para ouvir as demandas da localidade.<br>C\u00e2mara Itinerante \u2013 os vereadores mais perto do povo. <\/p>\n","protected":false},"excerpt":{"rendered":"<p>Sob a presid\u00eancia do vereador Lenilson Bezerra, a C\u00e2mara Municipal de Congo inicia nesta quinta-feira, dia 19, \u00e0s 19h, no S\u00edtio Riacho do Algod\u00e3o, a&hellip; <\/p>\n","protected":false},"author":2,"featured_media":117714,"comment_status":"closed","ping_status":"closed","sticky":false,"template":"","format":"standard","meta":{"sfsi_plus_gutenberg_text_before_share":"","sfsi_plus_gutenberg_show_text_before_share":"","sfsi_plus_gutenberg_icon_type":"","sfsi_plus_gutenberg_icon_alignemt":"","sfsi_plus_gutenburg_max_per_row":"","footnotes":""},"categories":[50,2],"tags":[],"class_list":["post-117713","post","type-post","status-publish","format-standard","has-post-thumbnail","hentry","category-destaque","category-geral"],"_links":{"self":[{"href":"https:\/\/www.caririemacao.com\/1\/wp-json\/wp\/v2\/posts\/117713","targetHints":{"allow":["GET"]}}],"collection":[{"href":"https:\/\/www.caririemacao.com\/1\/wp-json\/wp\/v2\/posts"}],"about":[{"href":"https:\/\/www.caririemacao.com\/1\/wp-json\/wp\/v2\/types\/post"}],"author":[{"embeddable":true,"href":"https:\/\/www.caririemacao.com\/1\/wp-json\/wp\/v2\/users\/2"}],"replies":[{"embeddable":true,"href":"https:\/\/www.caririemacao.com\/1\/wp-json\/wp\/v2\/comments?post=117713"}],"version-history":[{"count":1,"href":"https:\/\/www.caririemacao.com\/1\/wp-json\/wp\/v2\/posts\/117713\/revisions"}],"predecessor-version":[{"id":117715,"href":"https:\/\/www.caririemacao.com\/1\/wp-json\/wp\/v2\/posts\/117713\/revisions\/117715"}],"wp:featuredmedia":[{"embeddable":true,"href":"https:\/\/www.caririemacao.com\/1\/wp-json\/wp\/v2\/media\/117714"}],"wp:attachment":[{"href":"https:\/\/www.caririemacao.com\/1\/wp-json\/wp\/v2\/media?parent=117713"}],"wp:term":[{"taxonomy":"category","embeddable":true,"href":"https:\/\/www.caririemacao.com\/1\/wp-json\/wp\/v2\/categories?post=117713"},{"taxonomy":"post_tag","embeddable":true,"href":"https:\/\/www.caririemacao.com\/1\/wp-json\/wp\/v2\/tags?post=117713"}],"curies":[{"name":"wp","href":"https:\/\/api.w.org\/{rel}","templated":true}]}}