{"id":117716,"date":"2019-09-18T13:53:36","date_gmt":"2019-09-18T16:53:36","guid":{"rendered":"http:\/\/www.caririemacao.com\/1\/?p=117716"},"modified":"2019-09-18T13:53:36","modified_gmt":"2019-09-18T16:53:36","slug":"caps-i-e-adiii-de-monteiro-realizam-atividades-de-valorizacao-a-vida-neste-setembro-amarelo","status":"publish","type":"post","link":"https:\/\/www.caririemacao.com\/1\/2019\/09\/18\/caps-i-e-adiii-de-monteiro-realizam-atividades-de-valorizacao-a-vida-neste-setembro-amarelo\/","title":{"rendered":"CAPS I e ADIII de Monteiro realizam atividades de valoriza\u00e7\u00e3o \u00e0 vida neste Setembro Amarelo"},"content":{"rendered":"\n<p>A aten\u00e7\u00e3o \u00e0 sa\u00fade mental tem sido refor\u00e7ada nos Centros de Aten\u00e7\u00e3o Psicossocial (Caps) do munic\u00edpio de Monteiro especialmente durante o Setembro Amarelo. Com programa\u00e7\u00e3o variada, as a\u00e7\u00f5es desenvolvidas pela Secretaria Municipal de Sa\u00fade por meio dos Centros conscientizam a popula\u00e7\u00e3o sobre a aten\u00e7\u00e3o necess\u00e1ria e especial que deve ser dada a quadros de tristeza, isolamento social e demais sensa\u00e7\u00f5es que fragilizam a sa\u00fade mental, f\u00edsica e emocional.Tendo como tema: \u201cDiga N\u00c3O ao suic\u00eddio\u201d, a programa\u00e7\u00e3o oferece condi\u00e7\u00f5es para que o participante encontre uma valoriza\u00e7\u00e3o na sua pr\u00f3pria exist\u00eancia com a promo\u00e7\u00e3o de uma saud\u00e1vel troca de experi\u00eancias para desmistificar preconceitos relacionados \u00e0 sa\u00fade ps\u00edquica.&nbsp;Neste sentido o Caps AD lll de Monteiro, realiza Projeto, atrav\u00e9s de Palestras, roda de conversas e bastante discuss\u00e3o sobre o assunto, como por exemplo, a palestra intitulada: 10 dicas para ter uma sa\u00fade f\u00edsica e mental saud\u00e1vel com a Enfermeira e Educadora \u00c2ngela Vasconcelos. Durante esse momento foi aberta sess\u00e3o com di\u00e1logos e muitos testemunhos.&nbsp;J\u00e1 a equipe do CAPS I concedeu entrevistas a respeito do Setembro Amarelo, al\u00e9m de trabalhos com a participa\u00e7\u00e3o de repentistas, oficinas terap\u00eauticas, atividades em conjunto com o NASF. E para tirar os pacientes da rotina, houve um grande piquenique na vizinha cidade de Sum\u00e9, promovendo a intera\u00e7\u00e3o e um dia bastante animado.\u201cTodas as a\u00e7\u00f5es s\u00e3o importantes para divulgarmos a necessidade de um olhar sens\u00edvel ao sofrimento ps\u00edquico das pessoas e suas consequ\u00eancias para a vida do paciente e de toda a estrutura familiar. Toda nossa programa\u00e7\u00e3o tem como objetivo, primeiro, trabalhar os preconceitos em torno do suic\u00eddio com paciente, fam\u00edlia e comunidade para que possamos atrav\u00e9s da valoriza\u00e7\u00e3o, salvar mais vidas\u201d, destacou Kelline Torres, diretora do CAPS I.&nbsp;<strong>Atendimento<\/strong>Desesperan\u00e7a, desejo de morte e idealiza\u00e7\u00e3o suicida s\u00e3o temas constantemente trabalhados no servi\u00e7o de sa\u00fade mental, tanto individualmente quanto em grupos nas atividades de rotina. O paciente que apresenta algum desses sintomas \u00e9 atendido por equipe multiprofissional capaz de identificar sinais inicias e de alerta e atuar de acordo com a gravidade do caso.&nbsp;Tanto o CAPS I quanto o CAPS AD III fazem o acolhimento e o servi\u00e7o se estende tamb\u00e9m para outros equipamentos da sa\u00fade p\u00fablica que contam com profissionais capacitados, como \u00e9 o caso das unidades de Aten\u00e7\u00e3o B\u00e1sica, que s\u00e3o sens\u00edveis a identificar alguma situa\u00e7\u00e3o e tamb\u00e9m fazer abordagens \u2013 pois as unidades t\u00eam psic\u00f3logos que comp\u00f5e os N\u00facleos de Apoio \u00e0 Sa\u00fade da Fam\u00edlia (Nasfs) e Unidades B\u00e1sicas de Sa\u00fade (UBSs).&nbsp;Para receber o primeiro atendimento em algum dos Caps n\u00e3o \u00e9 necess\u00e1rio agendamento pr\u00e9vio nem encaminhamento m\u00e9dico, basta buscar de modo volunt\u00e1rio. A fam\u00edlia de algu\u00e9m em sofrimento ps\u00edquico tamb\u00e9m pode procurar mesmo sem a presen\u00e7a do familiar.<\/p>\n","protected":false},"excerpt":{"rendered":"<p>A aten\u00e7\u00e3o \u00e0 sa\u00fade mental tem sido refor\u00e7ada nos Centros de Aten\u00e7\u00e3o Psicossocial (Caps) do munic\u00edpio de Monteiro especialmente durante o Setembro Amarelo. Com programa\u00e7\u00e3o&hellip; <\/p>\n","protected":false},"author":1,"featured_media":117718,"comment_status":"closed","ping_status":"closed","sticky":false,"template":"","format":"standard","meta":{"sfsi_plus_gutenberg_text_before_share":"","sfsi_plus_gutenberg_show_text_before_share":"","sfsi_plus_gutenberg_icon_type":"","sfsi_plus_gutenberg_icon_alignemt":"","sfsi_plus_gutenburg_max_per_row":"","footnotes":""},"categories":[6],"tags":[],"class_list":["post-117716","post","type-post","status-publish","format-standard","has-post-thumbnail","hentry","category-cidades"],"_links":{"self":[{"href":"https:\/\/www.caririemacao.com\/1\/wp-json\/wp\/v2\/posts\/117716","targetHints":{"allow":["GET"]}}],"collection":[{"href":"https:\/\/www.caririemacao.com\/1\/wp-json\/wp\/v2\/posts"}],"about":[{"href":"https:\/\/www.caririemacao.com\/1\/wp-json\/wp\/v2\/types\/post"}],"author":[{"embeddable":true,"href":"https:\/\/www.caririemacao.com\/1\/wp-json\/wp\/v2\/users\/1"}],"replies":[{"embeddable":true,"href":"https:\/\/www.caririemacao.com\/1\/wp-json\/wp\/v2\/comments?post=117716"}],"version-history":[{"count":1,"href":"https:\/\/www.caririemacao.com\/1\/wp-json\/wp\/v2\/posts\/117716\/revisions"}],"predecessor-version":[{"id":117719,"href":"https:\/\/www.caririemacao.com\/1\/wp-json\/wp\/v2\/posts\/117716\/revisions\/117719"}],"wp:featuredmedia":[{"embeddable":true,"href":"https:\/\/www.caririemacao.com\/1\/wp-json\/wp\/v2\/media\/117718"}],"wp:attachment":[{"href":"https:\/\/www.caririemacao.com\/1\/wp-json\/wp\/v2\/media?parent=117716"}],"wp:term":[{"taxonomy":"category","embeddable":true,"href":"https:\/\/www.caririemacao.com\/1\/wp-json\/wp\/v2\/categories?post=117716"},{"taxonomy":"post_tag","embeddable":true,"href":"https:\/\/www.caririemacao.com\/1\/wp-json\/wp\/v2\/tags?post=117716"}],"curies":[{"name":"wp","href":"https:\/\/api.w.org\/{rel}","templated":true}]}}