{"id":117726,"date":"2019-09-18T13:55:51","date_gmt":"2019-09-18T16:55:51","guid":{"rendered":"http:\/\/www.caririemacao.com\/1\/?p=117726"},"modified":"2019-09-18T13:55:51","modified_gmt":"2019-09-18T16:55:51","slug":"monteiro-recebe-seminario-que-aborda-o-enfrentamento-a-violencia-contra-a-mulher","status":"publish","type":"post","link":"https:\/\/www.caririemacao.com\/1\/2019\/09\/18\/monteiro-recebe-seminario-que-aborda-o-enfrentamento-a-violencia-contra-a-mulher\/","title":{"rendered":"Monteiro recebe Semin\u00e1rio que aborda o enfrentamento \u00e0 viol\u00eancia contra a mulher"},"content":{"rendered":"\n<p>No pr\u00f3ximo dia 24 de Setembro a cidade de Monteiro recebe o Semin\u00e1rio Regional de Enfrentamento a Viol\u00eancia Contra a Mulher. O evento que \u00e9 gratuito, e acontece no audit\u00f3rio da C\u00e2mara Municipal \u00e9 uma realiza\u00e7\u00e3o da Secretaria Municipal de Desenvolvimento Social.A programa\u00e7\u00e3o tem in\u00edcio \u00e0s 7 horas da manh\u00e3 com coffee break e credenciamento. Logo ap\u00f3s o Semin\u00e1rio ser\u00e1 aberto com o lan\u00e7amento do observat\u00f3rio sobre viol\u00eancia contra a mulher.A prefeita Anna Lorena, que \u00e9 advogada e membro do Movimento de Mulheres Municipalistas tamb\u00e9m oferecer\u00e1 sua contribui\u00e7\u00e3o no evento. Haver\u00e3o tamb\u00e9m palestras com os temas: \u201cA lei Maria da Penha e seus avan\u00e7os\u201d, discuss\u00e3o sobre feminic\u00eddio e casos notificados na Para\u00edba, \u201cviol\u00eancia contra a mulher e seus impactos psicossociais\u201d, \u201cavan\u00e7os e desafios com a implanta\u00e7\u00e3o da Delegacia da Mulher de Monteiro\u201d, al\u00e9m de debates e discuss\u00f5es.Ser\u00e3o expositores os setores: CREAS Municipal; &nbsp;5\u00b0 N\u00facleo de Sa\u00fade; &nbsp;Hospital e Secretaria de Sa\u00fade; CRAM Intermunicipal e CREAS Regional.\u201cRealizaremos mais um momento para falar sobre a mulher e toda a tem\u00e1tica que envolve combater \u00e0 viol\u00eancia, seja ela em que \u00e2mbito for. Precisamos estar informados e munidos para que possamos ajudar e criar uma corrente para amparar e garantir o direito de todas n\u00f3s. Esperamos por voc\u00eas!\u201d, convida a prefeita Anna Lorena.Fa\u00e7a sua inscri\u00e7\u00e3o clicando&nbsp;<a href=\"https:\/\/docs.google.com\/forms\/d\/e\/1FAIpQLSeFn2dGYXFZaxGEwow2WQdHWMdfBqC2G7EP2Tv1aGCRhEfQpw\/viewform\" target=\"_blank\" rel=\"noreferrer noopener\">AQUI<\/a>!<\/p>\n","protected":false},"excerpt":{"rendered":"<p>No pr\u00f3ximo dia 24 de Setembro a cidade de Monteiro recebe o Semin\u00e1rio Regional de Enfrentamento a Viol\u00eancia Contra a Mulher. O evento que \u00e9&hellip; <\/p>\n","protected":false},"author":1,"featured_media":117727,"comment_status":"closed","ping_status":"closed","sticky":false,"template":"","format":"standard","meta":{"sfsi_plus_gutenberg_text_before_share":"","sfsi_plus_gutenberg_show_text_before_share":"","sfsi_plus_gutenberg_icon_type":"","sfsi_plus_gutenberg_icon_alignemt":"","sfsi_plus_gutenburg_max_per_row":"","footnotes":""},"categories":[2],"tags":[],"class_list":["post-117726","post","type-post","status-publish","format-standard","has-post-thumbnail","hentry","category-geral"],"_links":{"self":[{"href":"https:\/\/www.caririemacao.com\/1\/wp-json\/wp\/v2\/posts\/117726","targetHints":{"allow":["GET"]}}],"collection":[{"href":"https:\/\/www.caririemacao.com\/1\/wp-json\/wp\/v2\/posts"}],"about":[{"href":"https:\/\/www.caririemacao.com\/1\/wp-json\/wp\/v2\/types\/post"}],"author":[{"embeddable":true,"href":"https:\/\/www.caririemacao.com\/1\/wp-json\/wp\/v2\/users\/1"}],"replies":[{"embeddable":true,"href":"https:\/\/www.caririemacao.com\/1\/wp-json\/wp\/v2\/comments?post=117726"}],"version-history":[{"count":1,"href":"https:\/\/www.caririemacao.com\/1\/wp-json\/wp\/v2\/posts\/117726\/revisions"}],"predecessor-version":[{"id":117728,"href":"https:\/\/www.caririemacao.com\/1\/wp-json\/wp\/v2\/posts\/117726\/revisions\/117728"}],"wp:featuredmedia":[{"embeddable":true,"href":"https:\/\/www.caririemacao.com\/1\/wp-json\/wp\/v2\/media\/117727"}],"wp:attachment":[{"href":"https:\/\/www.caririemacao.com\/1\/wp-json\/wp\/v2\/media?parent=117726"}],"wp:term":[{"taxonomy":"category","embeddable":true,"href":"https:\/\/www.caririemacao.com\/1\/wp-json\/wp\/v2\/categories?post=117726"},{"taxonomy":"post_tag","embeddable":true,"href":"https:\/\/www.caririemacao.com\/1\/wp-json\/wp\/v2\/tags?post=117726"}],"curies":[{"name":"wp","href":"https:\/\/api.w.org\/{rel}","templated":true}]}}