{"id":117733,"date":"2019-09-18T13:58:53","date_gmt":"2019-09-18T16:58:53","guid":{"rendered":"http:\/\/www.caririemacao.com\/1\/?p=117733"},"modified":"2019-09-18T13:58:53","modified_gmt":"2019-09-18T16:58:53","slug":"prefeituras-de-sume-e-sao-jose-dos-cordeiros-inscrevem-para-concursos-ate-esta-quarta-feira","status":"publish","type":"post","link":"https:\/\/www.caririemacao.com\/1\/2019\/09\/18\/prefeituras-de-sume-e-sao-jose-dos-cordeiros-inscrevem-para-concursos-ate-esta-quarta-feira\/","title":{"rendered":"Prefeituras de Sum\u00e9 e S\u00e3o Jos\u00e9 dos Cordeiros inscrevem para concursos at\u00e9 esta quarta-feira"},"content":{"rendered":"\n<p>Al\u00e9m das prefeituras de Sum\u00e9 e S\u00e3o Jos\u00e9 dos Cordeiros situadas na regi\u00e3o do Cariri, mais cinco prefeituras paraibanas inscrevem para concursos e sele\u00e7\u00f5es at\u00e9 esta quarta-feira (18). Ao todo s\u00e3o oferecidas 434 vagas com sal\u00e1rios de at\u00e9 R$ 12.188 para todos os n\u00edveis de escolaridade.<\/p>\n\n\n\n<p>Os interessados devem se inscrever atrav\u00e9s das empresas organizadoras dos certames.<\/p>\n\n\n\n<p><strong>Confira:<\/strong><\/p>\n\n\n\n<ul class=\"wp-block-list\"><li><strong>Prefeitura de S\u00e3o Jos\u00e9 dos Cordeiros<\/strong><\/li><\/ul>\n\n\n\n<p>A Prefeitura de S\u00e3o Jos\u00e9 dos Cordeiros inscreve para concurso com 28 vagas e sal\u00e1rios de at\u00e9 R$ 12.188.&nbsp;As&nbsp;<a href=\"https:\/\/cpcon.uepb.edu.br\/\">inscri\u00e7\u00f5es podem ser realizadas<\/a>&nbsp;at\u00e9 o dia 04 de setembro.<\/p>\n\n\n\n<p>As provas acontecem no dia 20 de outubro.<\/p>\n\n\n\n<p><a href=\"https:\/\/www.clickpb.com.br\/media\/filer_public\/eb\/d6\/ebd68f77-e599-42d1-ba85-4ea9e3f0a0eb\/edital_normativo_sao_jose_dos_cordeiros_001_2019.pdf\">Confira o edital do concurs<\/a>o<\/p>\n\n\n\n<ul class=\"wp-block-list\"><li><strong>Prefeitura de Sum\u00e9<\/strong><\/li><\/ul>\n\n\n\n<p>A Prefeitura de Sum\u00e9 inscreve para concurso p\u00fablico com 34 vagas em cargos de n\u00edveis m\u00e9dio, t\u00e9cnico e superior. Os sal\u00e1rios variam de R$ 1,1 mil a R$ 6,6 mil.<\/p>\n\n\n\n<p>Os interessados&nbsp;<a href=\"https:\/\/cpcon.uepb.edu.br\/concursos\/2019_PM_SUME\/\">podem se inscrever at\u00e9 o dia 4<\/a>&nbsp;de setembro. A taxa de inscri\u00e7\u00e3o custa R$ 85 para cargos de n\u00edvel m\u00e9dio ou t\u00e9cnico e R$ 105 para cargos de n\u00edvel superior.<\/p>\n\n\n\n<p>As provas est\u00e3o previstas para acontecer no dia 20 de outubro.<\/p>\n\n\n\n<p><a href=\"https:\/\/www.clickpb.com.br\/media\/filer_public\/45\/2f\/452fbab6-4694-453f-b9a4-9780b244dfbb\/edital_normativo_concurso_prefeitura_municipal_sume.pdf\">Confira o edital&nbsp;<\/a><\/p>\n\n\n\n<ul class=\"wp-block-list\"><li><strong>C\u00e2mara Municipal de Santa Rita<\/strong><\/li><\/ul>\n\n\n\n<p>A C\u00e2mara Municipal de Santa Rita inscreve&nbsp;at\u00e9 \u00e0s 23h59 do dia 5 de setembro, para o concurso p\u00fablico com 13 vagas e sal\u00e1rios&nbsp;que variam de R$ 1.315 at\u00e9 R$ 3 mil. Os cargos de maior sal\u00e1rio s\u00e3o o de contador e procurador jur\u00eddico.<\/p>\n\n\n\n<p><a href=\"https:\/\/www.clickpb.com.br\/media\/filer_public\/18\/40\/184051f9-cd58-4538-97ad-4a93c8183ce0\/2019_edital_cm_santarita.pdf\">Confira o edital<\/a><br>Os interessados podem se inscrever, atrav\u00e9s do&nbsp;<a href=\"https:\/\/cpcon.uepb.edu.br\/\">site da empresa organizadora<\/a>. As taxas de inscri\u00e7\u00f5es variam entre R$ 65 (ensino fundamental), R$ 85 (ensino m\u00e9dio\/t\u00e9cnico) e R$ 105 (ensino superior).<\/p>\n\n\n\n<p>De acordo com o certame as provas devem acontecer no dia 20 de outubro.<\/p>\n\n\n\n<ul class=\"wp-block-list\"><li><strong>Prefeitura de Boa Ventura<\/strong><\/li><\/ul>\n\n\n\n<p>A Prefeitura de Boa Ventura inscreve para o concurso p\u00fablico at\u00e9 o dia 18 de setembro. O certame oferece 111 vagas em cargos&nbsp;de n\u00edveis fundamental, m\u00e9dio, t\u00e9cnico e superior. Os sal\u00e1rios variam de R$ 998 a R$ 1,6 mil.<\/p>\n\n\n\n<p><a href=\"https:\/\/www.clickpb.com.br\/media\/filer_public\/aa\/43\/aa43b602-688f-4446-b70a-dc604576f2ed\/edital_normativo_2019_pm_boa_ventura_1_2019.pdf\">Confira o edital<\/a><\/p>\n\n\n\n<p>As inscri\u00e7\u00f5es&nbsp;devem ser feitas&nbsp;<a href=\"https:\/\/cpcon.uepb.edu.br\/concursos\/2019_PM_BOA_VENTURA\/\">exclusivamente pela internet<\/a>, no site da organizadora CPCon.&nbsp;A taxa de inscri\u00e7\u00e3o custa R$ 65 para cargos de n\u00edvel fundamental, R$ 85 para cargos de n\u00edvel m\u00e9dio ou t\u00e9cnico e R$ 105 para cargos de n\u00edvel superior.<\/p>\n\n\n\n<p>As provas devem acontecer no dia 20 de outubro.<\/p>\n\n\n\n<ul class=\"wp-block-list\"><li><strong>Prefeitura de Borborema<\/strong><\/li><\/ul>\n\n\n\n<p><strong>Sele\u00e7\u00e3o<\/strong><\/p>\n\n\n\n<p>A Prefeitura inscreve para o processo seletivo com nove vagas&nbsp;&nbsp;para cargos de&nbsp;de n\u00edveis fundamental e superior. Os sal\u00e1rios variam de R$ 1.250 a R$ 1,9 mil.<\/p>\n\n\n\n<p><a href=\"https:\/\/www.clickpb.com.br\/media\/filer_public\/d6\/db\/d6db8974-5b59-4168-8d49-2803e02f7de5\/edital_normativo_borborema_pss_001_2019.pdf\">Confira o edital<\/a><\/p>\n\n\n\n<p>As inscri\u00e7\u00f5es devem ser feitas ate&nbsp;\u00e0s 23h59 do dia 18&nbsp;de setembro. A taxa de inscri\u00e7\u00e3o custa R$ 65 para cargos de n\u00edvel fundamental e R$ 105 para cargos de n\u00edvel superior.<\/p>\n\n\n\n<p>As provas est\u00e3o previstas para acontecer no dia 20 de outubro.<\/p>\n\n\n\n<p><strong>Concurso<\/strong><\/p>\n\n\n\n<p>A Prefeitura de Borborema tamb\u00e9m inscreve&nbsp;para o concurso p\u00fablico com 30 vagas em cargos de todos os n\u00edveis de escolaridade. Os sal\u00e1rios variam entre R$ 998 a R$ 2.040.<\/p>\n\n\n\n<p><a href=\"https:\/\/www.clickpb.com.br\/media\/filer_public\/b3\/5d\/b35d1d40-585a-41ea-8dcf-a8ee7f83d07b\/edital_normativo_borborema_001_2019.pdf\">Confira o edital<\/a><\/p>\n\n\n\n<p>As inscri\u00e7\u00f5es podem ser realizadas at\u00e9 o dia 18 de setembro, atrav\u00e9s do&nbsp;<a href=\"https:\/\/cpcon.uepb.edu.br\/concursos\/2019_PM_BORBOREMA\/\">site da empresa respons\u00e1vel<\/a>&nbsp;pelo certame a CPCON.<\/p>\n\n\n\n<p>A taxa de inscri\u00e7\u00e3o custa R$ 65 para cargos de n\u00edvel fundamental, R$ 85 para cargos de n\u00edvel m\u00e9dio e t\u00e9cnico e R$ 105 para cargos de n\u00edvel superior.<\/p>\n\n\n\n<p>O cargo com maior sal\u00e1rio \u00e9 o de supervisor escolar, que exige gradua\u00e7\u00e3o em pedagogia. J\u00e1 o cargo com mais vagas \u00e9 o de agente de limpeza urbana.<\/p>\n\n\n\n<p>As provas est\u00e3o previstas para acontecer no dia 20 de outubro.<\/p>\n\n\n\n<ul class=\"wp-block-list\"><li><strong>Prefeitura de Monte Horebe<\/strong><\/li><\/ul>\n\n\n\n<p>A Prefeitura de Monte Horebe inscreve para o concurso p\u00fablico,&nbsp;com 52 vagas e&nbsp;sal\u00e1rios de at\u00e9 R$ 7,5 mil. Os interessados poder\u00e3o se inscrever at\u00e9 o dia 18 de setembro,<a href=\"https:\/\/cpcon.uepb.edu.br\/concursos\/2019_monte_horebe\/\">atrav\u00e9s do site da empresa organizadora<\/a>&nbsp;do certame.<\/p>\n\n\n\n<p><a href=\"https:\/\/www.clickpb.com.br\/media\/filer_public\/3f\/8e\/3f8ef5a9-c12f-4a7b-8437-b63320d7940a\/edital_normativo_de_concurso_publico_no_001-2019_-__pmmhpb.pdf\">Confira o edital<\/a><\/p>\n\n\n\n<p>As vagas oferecidas s\u00e3o para n\u00edveis fundamental, m\u00e9dio e superior. As taxas variam entre R$ 65 (n\u00edvel fundamental), R$ 85 (n\u00edvel m\u00e9dio) e R$ 105 (n\u00edvel superior).<\/p>\n\n\n\n<p>De acordo com o edital as provas devem ser realizadas no dia 20 de outubro.<\/p>\n\n\n\n<ul class=\"wp-block-list\"><li><strong>Prefeitura de Pianc\u00f3&nbsp; &nbsp; &nbsp; &nbsp; &nbsp;&nbsp;<\/strong><\/li><\/ul>\n\n\n\n<p>A Prefeitura de Pianc\u00f3 inscreve para o concurso p\u00fablico e processo seletivo com 157 vagas para os n\u00edveis fundamental, m\u00e9dio e superior e sal\u00e1rios de at\u00e9 R$ 1.725.&nbsp;De acordo com o certame o concurso p\u00fablico oferece 27 vagas de emprego com sal\u00e1rios de at\u00e9 R$ 1.725.<\/p>\n\n\n\n<p>Os interessados poder\u00e3o se inscrever atrav\u00e9s&nbsp;<a href=\"https:\/\/cpcon.uepb.edu.br\/concursos\/2019_PM_PIANCO\/\">do site da CPCON<\/a>&nbsp;&nbsp;at\u00e9 o dia 05 de setembro.<\/p>\n\n\n\n<p><a href=\"https:\/\/www.clickpb.com.br\/media\/filer_public\/81\/75\/8175f9c0-2048-4032-9f29-a7e61f0087ec\/edital_normativo_001_2019_ps_pmp_pb.pdf\">Confira o edital do processo seletivo<\/a><\/p>\n\n\n\n<p><a href=\"https:\/\/cpcon.uepb.edu.br\/concursos\/2019_PM_PIANCO\/\">Confira o edital do concurso p\u00fablico<\/a><\/p>\n\n\n\n<p>A prova acontece no dia 20 de outubro.&nbsp;J\u00e1 o processo seletivo oferece 130 vagas com sal\u00e1rio de R$ 998.&nbsp;Os interessados poder\u00e3o se inscrever atrav\u00e9s do site da CPCON.<\/p>\n\n\n\n<p>A prova acontece no dia 20 de outubro<\/p>\n","protected":false},"excerpt":{"rendered":"<p>Al\u00e9m das prefeituras de Sum\u00e9 e S\u00e3o Jos\u00e9 dos Cordeiros situadas na regi\u00e3o do Cariri, mais cinco prefeituras paraibanas inscrevem para concursos e sele\u00e7\u00f5es at\u00e9&hellip; <\/p>\n","protected":false},"author":1,"featured_media":47468,"comment_status":"closed","ping_status":"closed","sticky":false,"template":"","format":"standard","meta":{"sfsi_plus_gutenberg_text_before_share":"","sfsi_plus_gutenberg_show_text_before_share":"","sfsi_plus_gutenberg_icon_type":"","sfsi_plus_gutenberg_icon_alignemt":"","sfsi_plus_gutenburg_max_per_row":"","footnotes":""},"categories":[50,2],"tags":[],"class_list":["post-117733","post","type-post","status-publish","format-standard","has-post-thumbnail","hentry","category-destaque","category-geral"],"_links":{"self":[{"href":"https:\/\/www.caririemacao.com\/1\/wp-json\/wp\/v2\/posts\/117733","targetHints":{"allow":["GET"]}}],"collection":[{"href":"https:\/\/www.caririemacao.com\/1\/wp-json\/wp\/v2\/posts"}],"about":[{"href":"https:\/\/www.caririemacao.com\/1\/wp-json\/wp\/v2\/types\/post"}],"author":[{"embeddable":true,"href":"https:\/\/www.caririemacao.com\/1\/wp-json\/wp\/v2\/users\/1"}],"replies":[{"embeddable":true,"href":"https:\/\/www.caririemacao.com\/1\/wp-json\/wp\/v2\/comments?post=117733"}],"version-history":[{"count":1,"href":"https:\/\/www.caririemacao.com\/1\/wp-json\/wp\/v2\/posts\/117733\/revisions"}],"predecessor-version":[{"id":117734,"href":"https:\/\/www.caririemacao.com\/1\/wp-json\/wp\/v2\/posts\/117733\/revisions\/117734"}],"wp:featuredmedia":[{"embeddable":true,"href":"https:\/\/www.caririemacao.com\/1\/wp-json\/wp\/v2\/media\/47468"}],"wp:attachment":[{"href":"https:\/\/www.caririemacao.com\/1\/wp-json\/wp\/v2\/media?parent=117733"}],"wp:term":[{"taxonomy":"category","embeddable":true,"href":"https:\/\/www.caririemacao.com\/1\/wp-json\/wp\/v2\/categories?post=117733"},{"taxonomy":"post_tag","embeddable":true,"href":"https:\/\/www.caririemacao.com\/1\/wp-json\/wp\/v2\/tags?post=117733"}],"curies":[{"name":"wp","href":"https:\/\/api.w.org\/{rel}","templated":true}]}}