{"id":117742,"date":"2019-09-18T14:01:37","date_gmt":"2019-09-18T17:01:37","guid":{"rendered":"http:\/\/www.caririemacao.com\/1\/?p=117742"},"modified":"2019-09-18T14:01:37","modified_gmt":"2019-09-18T17:01:37","slug":"bolsonaro-sanciona-projeto-que-permite-posse-de-arma-em-toda-a-area-rural","status":"publish","type":"post","link":"https:\/\/www.caririemacao.com\/1\/2019\/09\/18\/bolsonaro-sanciona-projeto-que-permite-posse-de-arma-em-toda-a-area-rural\/","title":{"rendered":"Bolsonaro sanciona projeto que permite posse de arma em toda a \u00e1rea rural"},"content":{"rendered":"\n<p>O presidente Jair Bolsonaro sancionou nesta ter\u00e7a-feira (17) o projeto que&nbsp;amplia a posse de arma dentro de uma propriedade rural. O texto agora passa a valer como lei.<\/p>\n\n\n\n<p>Pelas regras atuais do Estatuto do Desarmamento, o dono de uma fazenda, por exemplo, s\u00f3 poderia manter uma arma dentro da sede da propriedade. Com a nova norma, ele poder\u00e1 andar armado em toda a extens\u00e3o do im\u00f3vel rural.<\/p>\n\n\n\n<p>O projeto foi aprovado pela C\u00e2mara dos Deputados em agosto (<em>veja no v\u00eddeo no fim da reportagem<\/em>) e tem teor semelhante ao de um decreto editado por Bolsonaro que trata do registro e da posse de armas de fogo.<\/p>\n\n\n\n<p>O&nbsp;decreto j\u00e1 previa que a posse de arma&nbsp;valesse para \u201ctoda a extens\u00e3o da \u00e1rea particular do im\u00f3vel, edificada ou n\u00e3o\u201d, mesmo quando se tratasse de im\u00f3vel rural.<\/p>\n\n\n\n<p>O&nbsp;texto aprovado pela C\u00e2mara&nbsp;estabeleceu a chamada \u201cposse rural estendida\u201d. Ou seja, permitiu que a posse de arma se estenda por toda a propriedade rural.<\/p>\n\n\n\n<p>Ao chegar a Bras\u00edlia nesta segunda (16), ap\u00f3s passar por uma cirurgia para a&nbsp;corre\u00e7\u00e3o de uma h\u00e9rnia, Bolsonaro disse que&nbsp;n\u00e3o iria \u201ctolher ningu\u00e9m de bem a ter seu porte ou posse de arma no campo\u201d.&nbsp;O prazo limite para a san\u00e7\u00e3o era esta ter\u00e7a.<\/p>\n\n\n\n<p>O direito \u00e0 posse \u00e9 diferente do&nbsp;direito ao porte&nbsp;(autoriza\u00e7\u00e3o para transportar uma arma fora de casa).<\/p>\n\n\n\n<p>De acordo com o Pal\u00e1cio do Planalto, a nova lei \u00e9 uma \u201csalutar proposi\u00e7\u00e3o legislativa\u201d, que d\u00e1 \u201cseguran\u00e7a jur\u00eddica\u201d para o propriet\u00e1rio rural andar armado pelo im\u00f3vel.<\/p>\n\n\n\n<p><strong>OUTROS PROJETOS SANCIONADOS<\/strong><\/p>\n\n\n\n<p>De acordo com a assessoria do Pal\u00e1cio do Planalto, Bolsonaro sancionou ainda outros tr\u00eas projetos nesta ter\u00e7a. As novas leis preveem que:<\/p>\n\n\n\n<ul class=\"wp-block-list\"><li>o la\u00e7o, uma das provas t\u00edpicas do rodeio, seja inclu\u00eddo em uma lei de 2016 e elevado \u201c\u00e0 condi\u00e7\u00e3o de manifesta\u00e7\u00e3o cultural nacional e de patrim\u00f4nio cultural imaterial\u201d. O rodeio e a vaquejada j\u00e1 t\u00eam esse status.<\/li><li>m\u00e3es possam amamentar seus filhos durante a realiza\u00e7\u00e3o de concursos p\u00fablicos federais, por um prazo de 30 minutos a cada duas horas.<\/li><li>agressores sejam obrigados a ressarcir o Estado nos custos de atendimento das v\u00edtimas de viol\u00eancia dom\u00e9stica e familiar, tanto no Sistema \u00danico de Sa\u00fade (SUS), quanto nos dispositivos de seguran\u00e7a fornecidos.<\/li><\/ul>\n\n\n\n<p><em>Com G1<\/em><\/p>\n","protected":false},"excerpt":{"rendered":"<p>O presidente Jair Bolsonaro sancionou nesta ter\u00e7a-feira (17) o projeto que&nbsp;amplia a posse de arma dentro de uma propriedade rural. O texto agora passa a&hellip; <\/p>\n","protected":false},"author":1,"featured_media":117743,"comment_status":"closed","ping_status":"closed","sticky":false,"template":"","format":"standard","meta":{"sfsi_plus_gutenberg_text_before_share":"","sfsi_plus_gutenberg_show_text_before_share":"","sfsi_plus_gutenberg_icon_type":"","sfsi_plus_gutenberg_icon_alignemt":"","sfsi_plus_gutenburg_max_per_row":"","footnotes":""},"categories":[50,11],"tags":[],"class_list":["post-117742","post","type-post","status-publish","format-standard","has-post-thumbnail","hentry","category-destaque","category-politica"],"_links":{"self":[{"href":"https:\/\/www.caririemacao.com\/1\/wp-json\/wp\/v2\/posts\/117742","targetHints":{"allow":["GET"]}}],"collection":[{"href":"https:\/\/www.caririemacao.com\/1\/wp-json\/wp\/v2\/posts"}],"about":[{"href":"https:\/\/www.caririemacao.com\/1\/wp-json\/wp\/v2\/types\/post"}],"author":[{"embeddable":true,"href":"https:\/\/www.caririemacao.com\/1\/wp-json\/wp\/v2\/users\/1"}],"replies":[{"embeddable":true,"href":"https:\/\/www.caririemacao.com\/1\/wp-json\/wp\/v2\/comments?post=117742"}],"version-history":[{"count":1,"href":"https:\/\/www.caririemacao.com\/1\/wp-json\/wp\/v2\/posts\/117742\/revisions"}],"predecessor-version":[{"id":117744,"href":"https:\/\/www.caririemacao.com\/1\/wp-json\/wp\/v2\/posts\/117742\/revisions\/117744"}],"wp:featuredmedia":[{"embeddable":true,"href":"https:\/\/www.caririemacao.com\/1\/wp-json\/wp\/v2\/media\/117743"}],"wp:attachment":[{"href":"https:\/\/www.caririemacao.com\/1\/wp-json\/wp\/v2\/media?parent=117742"}],"wp:term":[{"taxonomy":"category","embeddable":true,"href":"https:\/\/www.caririemacao.com\/1\/wp-json\/wp\/v2\/categories?post=117742"},{"taxonomy":"post_tag","embeddable":true,"href":"https:\/\/www.caririemacao.com\/1\/wp-json\/wp\/v2\/tags?post=117742"}],"curies":[{"name":"wp","href":"https:\/\/api.w.org\/{rel}","templated":true}]}}