{"id":117748,"date":"2019-09-18T14:04:17","date_gmt":"2019-09-18T17:04:17","guid":{"rendered":"http:\/\/www.caririemacao.com\/1\/?p=117748"},"modified":"2019-09-18T14:04:17","modified_gmt":"2019-09-18T17:04:17","slug":"policia-civil-prende-lider-de-faccao-criminosa-do-rn-na-paraiba","status":"publish","type":"post","link":"https:\/\/www.caririemacao.com\/1\/2019\/09\/18\/policia-civil-prende-lider-de-faccao-criminosa-do-rn-na-paraiba\/","title":{"rendered":"Pol\u00edcia Civil prende l\u00edder de fac\u00e7\u00e3o criminosa do RN na Para\u00edba"},"content":{"rendered":"\n<p>A Pol\u00edcia Civil prendeu nesta ter\u00e7a-feira (17) um homem apontado como o l\u00edder de uma fac\u00e7\u00e3o criminosa que atua no estado do Rio Grande do Norte.<\/p>\n\n\n\n<p>Daniel Batista de Almeida, de 23 anos, foi localizado por equipes da Delegacia de Repress\u00e3o ao Crime Organizado (Draco). Ele estava escondido no bairro do Jo\u00e3o Paulo II, em Jo\u00e3o Pessoa. Daniel, mais conhecido como \u201cMadrug\u00e3o\u201d e \u201cAssado\u201d, era procurado pela justi\u00e7a por envolvimento em tr\u00e1fico de drogas.<\/p>\n\n\n\n<p>Segundo o delegado Alan Terruel, titular da Draco, o preso foi enviado pela fac\u00e7\u00e3o criminosa para atuar na Para\u00edba no fornecimento de entorpecentes.<\/p>\n\n\n\n<p>\u201cA Pol\u00edcia Civil iniciou um trabalho de investiga\u00e7\u00e3o e detectou essa movimenta\u00e7\u00e3o na Paraiba. A fac\u00e7\u00e3o criminosa que atua no Rio Grande do Norte busca se ramificar na Para\u00edba, o que vem sendo combatido pela Draco\u201d, afirmou.<\/p>\n\n\n\n<p>O preso ser\u00e1 apresentado ao Poder Judici\u00e1rio durante audi\u00eancia de cust\u00f3dia, para , em seguida, ser recambiado ao Rio Grande do Norte.<\/p>\n\n\n\n<p><em>Com Mais PB<\/em><\/p>\n","protected":false},"excerpt":{"rendered":"<p>A Pol\u00edcia Civil prendeu nesta ter\u00e7a-feira (17) um homem apontado como o l\u00edder de uma fac\u00e7\u00e3o criminosa que atua no estado do Rio Grande do&hellip; <\/p>\n","protected":false},"author":1,"featured_media":27838,"comment_status":"closed","ping_status":"closed","sticky":false,"template":"","format":"standard","meta":{"sfsi_plus_gutenberg_text_before_share":"","sfsi_plus_gutenberg_show_text_before_share":"","sfsi_plus_gutenberg_icon_type":"","sfsi_plus_gutenberg_icon_alignemt":"","sfsi_plus_gutenburg_max_per_row":"","footnotes":""},"categories":[12],"tags":[],"class_list":["post-117748","post","type-post","status-publish","format-standard","has-post-thumbnail","hentry","category-policia"],"_links":{"self":[{"href":"https:\/\/www.caririemacao.com\/1\/wp-json\/wp\/v2\/posts\/117748","targetHints":{"allow":["GET"]}}],"collection":[{"href":"https:\/\/www.caririemacao.com\/1\/wp-json\/wp\/v2\/posts"}],"about":[{"href":"https:\/\/www.caririemacao.com\/1\/wp-json\/wp\/v2\/types\/post"}],"author":[{"embeddable":true,"href":"https:\/\/www.caririemacao.com\/1\/wp-json\/wp\/v2\/users\/1"}],"replies":[{"embeddable":true,"href":"https:\/\/www.caririemacao.com\/1\/wp-json\/wp\/v2\/comments?post=117748"}],"version-history":[{"count":1,"href":"https:\/\/www.caririemacao.com\/1\/wp-json\/wp\/v2\/posts\/117748\/revisions"}],"predecessor-version":[{"id":117751,"href":"https:\/\/www.caririemacao.com\/1\/wp-json\/wp\/v2\/posts\/117748\/revisions\/117751"}],"wp:featuredmedia":[{"embeddable":true,"href":"https:\/\/www.caririemacao.com\/1\/wp-json\/wp\/v2\/media\/27838"}],"wp:attachment":[{"href":"https:\/\/www.caririemacao.com\/1\/wp-json\/wp\/v2\/media?parent=117748"}],"wp:term":[{"taxonomy":"category","embeddable":true,"href":"https:\/\/www.caririemacao.com\/1\/wp-json\/wp\/v2\/categories?post=117748"},{"taxonomy":"post_tag","embeddable":true,"href":"https:\/\/www.caririemacao.com\/1\/wp-json\/wp\/v2\/tags?post=117748"}],"curies":[{"name":"wp","href":"https:\/\/api.w.org\/{rel}","templated":true}]}}