{"id":117760,"date":"2019-09-18T14:10:05","date_gmt":"2019-09-18T17:10:05","guid":{"rendered":"http:\/\/www.caririemacao.com\/1\/?p=117760"},"modified":"2019-09-18T14:10:05","modified_gmt":"2019-09-18T17:10:05","slug":"selecao-feminina-faz-estreia-nos-jogos-mundiais-de-praia","status":"publish","type":"post","link":"https:\/\/www.caririemacao.com\/1\/2019\/09\/18\/selecao-feminina-faz-estreia-nos-jogos-mundiais-de-praia\/","title":{"rendered":"Sele\u00e7\u00e3o feminina faz estreia nos Jogos Mundiais de Praia"},"content":{"rendered":"\n<p>A Confedera\u00e7\u00e3o de Beach Soccer do Brasil (CBSB) vai fazer a primeira convoca\u00e7\u00e3o da Sele\u00e7\u00e3o feminina no dia 27 de setembro e j\u00e1 tem um evento de peso para estrear: os Jogos Mundiais de Praia, que acontecem em Doha, no Catar, de 12 a 16 de outubro.<\/p>\n\n\n\n<p>\u201cA gente vive um momento em que as mulheres s\u00e3o protagonistas em muitas \u00e1reas e porqu\u00ea n\u00e3o ter uma sele\u00e7\u00e3o? A gente tem mais de cinco atletas brasileiras jogando fora do Brasil. A gente exporta talento e porqu\u00ea n\u00e3o ter um projeto nosso?\u201d, argumentou o diretor de futebol feminino da confedera\u00e7\u00e3o, Marcelo Mendes.<\/p>\n\n\n\n<p>A Sele\u00e7\u00e3o vai ser comandada pelo t\u00e9cnico Fabr\u00edcio Santos, que possui amplo hist\u00f3rico no futebol de praia feminino no Rio de Janeiro. O lan\u00e7amento oficial da Sele\u00e7\u00e3o feminina de beach soccer vai acontecer no dia 7 de outubro, no Rio de Janeiro. No dia seguinte, elas embarcam para o Catar. A convoca\u00e7\u00e3o acontece antes do lan\u00e7amento para haver concentra\u00e7\u00e3o e prepara\u00e7\u00e3o das jogadoras.<\/p>\n\n\n\n<p>Nos Jogos Mundiais de Praia, o Brasil est\u00e1 no Grupo A ao lado de Espanha, Cabo Verde e M\u00e9xico. No Grupo B est\u00e1 Gr\u00e3 Bretanha, R\u00fassia, Estados Unidos, Paraguai.<\/p>\n\n\n\n<p><em>Incentivo nacional<\/em><\/p>\n\n\n\n<p>Antes de projetar a Sele\u00e7\u00e3o feminina no exterior, a confedera\u00e7\u00e3o realizou em agosto a 1\u00aa Copa Feminina de Sele\u00e7\u00f5es de Beach Soccer. A expectativa \u00e9 ampliar os eventos nacionais de futebol de areia feminino<\/p>\n\n\n\n<p>\u201cA ideia \u00e9 a partir de 2020 criar um calend\u00e1rio e ter atividades durante o ano no Brasil. A gente tem muitas a\u00e7\u00f5es no estados. O material [humano] est\u00e1 a\u00ed e temos que desenvolver atividades nacionais e observar as jogadoras\u201d, ressaltou Marcelo Mendes.<\/p>\n\n\n\n<p><strong>Ag\u00eancia Brasil<\/strong><\/p>\n","protected":false},"excerpt":{"rendered":"<p>A Confedera\u00e7\u00e3o de Beach Soccer do Brasil (CBSB) vai fazer a primeira convoca\u00e7\u00e3o da Sele\u00e7\u00e3o feminina no dia 27 de setembro e j\u00e1 tem um&hellip; <\/p>\n","protected":false},"author":1,"featured_media":117761,"comment_status":"closed","ping_status":"closed","sticky":false,"template":"","format":"standard","meta":{"sfsi_plus_gutenberg_text_before_share":"","sfsi_plus_gutenberg_show_text_before_share":"","sfsi_plus_gutenberg_icon_type":"","sfsi_plus_gutenberg_icon_alignemt":"","sfsi_plus_gutenburg_max_per_row":"","footnotes":""},"categories":[13],"tags":[],"class_list":["post-117760","post","type-post","status-publish","format-standard","has-post-thumbnail","hentry","category-esportes"],"_links":{"self":[{"href":"https:\/\/www.caririemacao.com\/1\/wp-json\/wp\/v2\/posts\/117760","targetHints":{"allow":["GET"]}}],"collection":[{"href":"https:\/\/www.caririemacao.com\/1\/wp-json\/wp\/v2\/posts"}],"about":[{"href":"https:\/\/www.caririemacao.com\/1\/wp-json\/wp\/v2\/types\/post"}],"author":[{"embeddable":true,"href":"https:\/\/www.caririemacao.com\/1\/wp-json\/wp\/v2\/users\/1"}],"replies":[{"embeddable":true,"href":"https:\/\/www.caririemacao.com\/1\/wp-json\/wp\/v2\/comments?post=117760"}],"version-history":[{"count":1,"href":"https:\/\/www.caririemacao.com\/1\/wp-json\/wp\/v2\/posts\/117760\/revisions"}],"predecessor-version":[{"id":117762,"href":"https:\/\/www.caririemacao.com\/1\/wp-json\/wp\/v2\/posts\/117760\/revisions\/117762"}],"wp:featuredmedia":[{"embeddable":true,"href":"https:\/\/www.caririemacao.com\/1\/wp-json\/wp\/v2\/media\/117761"}],"wp:attachment":[{"href":"https:\/\/www.caririemacao.com\/1\/wp-json\/wp\/v2\/media?parent=117760"}],"wp:term":[{"taxonomy":"category","embeddable":true,"href":"https:\/\/www.caririemacao.com\/1\/wp-json\/wp\/v2\/categories?post=117760"},{"taxonomy":"post_tag","embeddable":true,"href":"https:\/\/www.caririemacao.com\/1\/wp-json\/wp\/v2\/tags?post=117760"}],"curies":[{"name":"wp","href":"https:\/\/api.w.org\/{rel}","templated":true}]}}