{"id":117767,"date":"2019-09-18T14:16:17","date_gmt":"2019-09-18T17:16:17","guid":{"rendered":"http:\/\/www.caririemacao.com\/1\/?p=117767"},"modified":"2019-09-18T14:16:17","modified_gmt":"2019-09-18T17:16:17","slug":"saiba-a-importancia-do-teste-da-orelhinha-para-identificar-problemas-auditivos","status":"publish","type":"post","link":"https:\/\/www.caririemacao.com\/1\/2019\/09\/18\/saiba-a-importancia-do-teste-da-orelhinha-para-identificar-problemas-auditivos\/","title":{"rendered":"Saiba a import\u00e2ncia do teste da orelhinha para identificar problemas auditivos"},"content":{"rendered":"\n<p><br>Ainda na maternidade, ap\u00f3s o nascimento do beb\u00ea, \u00e9 realizado pelo m\u00e9dico o teste da orelhinha no rec\u00e9m-nascido.<\/p>\n\n\n\n<p>Durante entrevista concedida a uma emissora de r\u00e1dio local, a m\u00e9dica fonoaudi\u00f3loga Lav\u00ednia Brand\u00e3o destacou que o objetivo deste exame \u00e9 identificar poss\u00edveis problemas auditivos na crian\u00e7a, que podem ser ocasionados por malforma\u00e7\u00f5es cong\u00eanitas, doen\u00e7as gen\u00e9ticas e doen\u00e7as infecciosas que atingem as gestantes.<\/p>\n\n\n\n<figure class=\"wp-block-image\"><img decoding=\"async\" data-src=\"https:\/\/paraibaonline.com.br\/wp-content\/uploads\/2019\/09\/teste-orelhinha1809.jpg\" alt=\"Foto: Reprodu\u00e7\u00e3o\" class=\"wp-image-807227 lazyload\" src=\"data:image\/svg+xml;base64,PHN2ZyB3aWR0aD0iMSIgaGVpZ2h0PSIxIiB4bWxucz0iaHR0cDovL3d3dy53My5vcmcvMjAwMC9zdmciPjwvc3ZnPg==\" \/><\/figure>\n\n\n\n<p>Foto: Reprodu\u00e7\u00e3o<\/p>\n\n\n\n<p>\u2013 O teste da orelhinha pode fazer desde o primeiro dia de nascimento da crian\u00e7a. \u00c9 um teste n\u00e3o invasivo que vai detectar desde o primeiro dia de nascido se a crian\u00e7a escuta ou se ela n\u00e3o escuta. Falhar no teste, no primeiro momento, n\u00e3o significa necessariamente que a crian\u00e7a n\u00e3o escuta \u2013 explicou.<\/p>\n\n\n\n<p>Segundo Lav\u00ednia, se houver falhas no teste, existe a possibilidade de ser o l\u00edquido proveniente do parto, sendo necess\u00e1rio realizar mais uma vez o exame.<\/p>\n\n\n\n<p>\u2013 Depois de 15 dias de nascido repete o teste. Se falhar de novo, encaminha para o m\u00e9dico otorrinolaringologista, repete o exame e, se ainda apresentar a falha, a crian\u00e7a \u00e9 encaminhada para diagn\u00f3stico da perda auditiva \u2013 falou.<\/p>\n\n\n\n<p>O exame \u00e9 indolor e \u00e9 feito enquanto o beb\u00ea est\u00e1 dormindo. \u00c9 colocado no ouvido da crian\u00e7a um aparelho de Emiss\u00f5es Otoac\u00fasticas Evocadas.<\/p>\n\n\n\n<p>O teste \u00e9 feito gratuitamente em qualquer maternidade.<\/p>\n","protected":false},"excerpt":{"rendered":"<p>Ainda na maternidade, ap\u00f3s o nascimento do beb\u00ea, \u00e9 realizado pelo m\u00e9dico o teste da orelhinha no rec\u00e9m-nascido. Durante entrevista concedida a uma emissora de&hellip; <\/p>\n","protected":false},"author":1,"featured_media":117769,"comment_status":"closed","ping_status":"closed","sticky":false,"template":"","format":"standard","meta":{"sfsi_plus_gutenberg_text_before_share":"","sfsi_plus_gutenberg_show_text_before_share":"","sfsi_plus_gutenberg_icon_type":"","sfsi_plus_gutenberg_icon_alignemt":"","sfsi_plus_gutenburg_max_per_row":"","footnotes":""},"categories":[16],"tags":[],"class_list":["post-117767","post","type-post","status-publish","format-standard","has-post-thumbnail","hentry","category-saude"],"_links":{"self":[{"href":"https:\/\/www.caririemacao.com\/1\/wp-json\/wp\/v2\/posts\/117767","targetHints":{"allow":["GET"]}}],"collection":[{"href":"https:\/\/www.caririemacao.com\/1\/wp-json\/wp\/v2\/posts"}],"about":[{"href":"https:\/\/www.caririemacao.com\/1\/wp-json\/wp\/v2\/types\/post"}],"author":[{"embeddable":true,"href":"https:\/\/www.caririemacao.com\/1\/wp-json\/wp\/v2\/users\/1"}],"replies":[{"embeddable":true,"href":"https:\/\/www.caririemacao.com\/1\/wp-json\/wp\/v2\/comments?post=117767"}],"version-history":[{"count":1,"href":"https:\/\/www.caririemacao.com\/1\/wp-json\/wp\/v2\/posts\/117767\/revisions"}],"predecessor-version":[{"id":117770,"href":"https:\/\/www.caririemacao.com\/1\/wp-json\/wp\/v2\/posts\/117767\/revisions\/117770"}],"wp:featuredmedia":[{"embeddable":true,"href":"https:\/\/www.caririemacao.com\/1\/wp-json\/wp\/v2\/media\/117769"}],"wp:attachment":[{"href":"https:\/\/www.caririemacao.com\/1\/wp-json\/wp\/v2\/media?parent=117767"}],"wp:term":[{"taxonomy":"category","embeddable":true,"href":"https:\/\/www.caririemacao.com\/1\/wp-json\/wp\/v2\/categories?post=117767"},{"taxonomy":"post_tag","embeddable":true,"href":"https:\/\/www.caririemacao.com\/1\/wp-json\/wp\/v2\/tags?post=117767"}],"curies":[{"name":"wp","href":"https:\/\/api.w.org\/{rel}","templated":true}]}}