{"id":117786,"date":"2019-09-18T14:22:43","date_gmt":"2019-09-18T17:22:43","guid":{"rendered":"http:\/\/www.caririemacao.com\/1\/?p=117786"},"modified":"2019-09-18T14:22:43","modified_gmt":"2019-09-18T17:22:43","slug":"justica-rejeita-denuncia-contra-lula-e-irmao-por-mesada-da-odebrecht","status":"publish","type":"post","link":"https:\/\/www.caririemacao.com\/1\/2019\/09\/18\/justica-rejeita-denuncia-contra-lula-e-irmao-por-mesada-da-odebrecht\/","title":{"rendered":"Justi\u00e7a rejeita den\u00fancia contra Lula e irm\u00e3o por mesada da Odebrecht"},"content":{"rendered":"\n<p>A Justi\u00e7a Federal rejeitou a den\u00fancia do Minist\u00e9rio P\u00fablico Federal (MPF) que acusava o ex-presidente Luiz In\u00e1cio Lula da Silva e seu irm\u00e3o, Jos\u00e9 Fereira da Silva, o Frei Chico, de terem recebido mesadas da Odebrecht. Na decis\u00e3o, publicada nesta segunda-feira (16), o juiz Ali Mazloum, da 7\u00aa Vara Federal Criminal em S\u00e3o Paulo, argumenta que a den\u00fancia n\u00e3o apresenta todos os elementos legais que configuram a pr\u00e1tica do delito de corrup\u00e7\u00e3o passiva.<\/p>\n\n\n\n<p>O juiz Ali Mazloum concluiu que n\u00e3o \u201ch\u00e1 pressuposto processual e nem justa causa para a abertura da a\u00e7\u00e3o penal\u201d por entender que \u201cn\u00e3o se tem elementos probat\u00f3rios de que Lula sabia da continuidade dos pagamentos a Frei Chico sem a contrapartida de servi\u00e7os, muito menos que tais pagamentos se davam em raz\u00e3o de sua novel fun\u00e7\u00e3o\u201d. Afinal, lembrou o magistrado, o delito de corrup\u00e7\u00e3o passiva ou ativa s\u00f3 se caracteriza quando h\u00e1 dolo do agente p\u00fablico. Isto \u00e9, quando o agente p\u00fablico tem ci\u00eancia inequ\u00edvoca da ocorr\u00eancia de com\u00e9rcio de sua fun\u00e7\u00e3o p\u00fablica.<\/p>\n\n\n\n<p>Segundo a den\u00fancia apresentada pelo MPF, entre 1992 e 1993, Lula teria sugerido que a Odebrecht contratasse seu irm\u00e3o, que \u00e9 um sindicalista da \u00e1rea do petr\u00f3leo, para intermediar um di\u00e1logo entre a construtora e trabalhadores. Ao final do contrato, em 2002, Frei Chico teria continuado a receber uma mesada para manter uma rela\u00e7\u00e3o favor\u00e1vel aos interesses da companhia.<\/p>\n\n\n\n<p>O MPF ainda alegou que, entre 2003 e 2015, j\u00e1 no governo PT, Frei Chico teria recebido mais de R$ 1 milh\u00e3o por meio de mesadas que variavam de R$ 3 mil a R$ 5 mil. As mesadas, segundo o MPF, eram parte de um pacote de vantagens indevidas oferecidas a Lula, em troca de benef\u00edcios diversos obtidos pela Odebrecht junto ao governo federal.<\/p>\n\n\n\n<p>Para o juiz Ali Mazloum, contudo, \u201cnada existe nos autos no sentido de que Lula, a partir de outubro de 2002 p\u00f3s-elei\u00e7\u00e3o foi consultado, pediu, acenou, insinuou, ou de qualquer forma anuiu ou teve ci\u00eancia dos subsequentes pagamentos feitos a seu irm\u00e3o em forma de \u2018mesada\u2019 \u2013 a den\u00fancia n\u00e3o descreve nem mesmo alguma conduta humana praticada pelo agente p\u00fablico pass\u00edvel de subsun\u00e7\u00e3o ao tipo penal\u201d.<\/p>\n\n\n\n<p>Como \u201ca imputa\u00e7\u00e3o deve ter lastro probat\u00f3rio s\u00e9rio e veross\u00edmil\u201d, o juiz decidiu, ent\u00e3o, arquivar a den\u00fancia do MPF. A den\u00fancia ainda acusava tr\u00eas executivos da Odebrecht por suposta pr\u00e1tica de corrup\u00e7\u00e3o ativa: Marcelo Odebrecht, Em\u00edlio Odebrecht e Alexandrino Alencar.<\/p>\n\n\n\n<p><em>Fonte: Congresso em Foco<\/em><\/p>\n","protected":false},"excerpt":{"rendered":"<p>A Justi\u00e7a Federal rejeitou a den\u00fancia do Minist\u00e9rio P\u00fablico Federal (MPF) que acusava o ex-presidente Luiz In\u00e1cio Lula da Silva e seu irm\u00e3o, Jos\u00e9 Fereira&hellip; <\/p>\n","protected":false},"author":1,"featured_media":112613,"comment_status":"closed","ping_status":"closed","sticky":false,"template":"","format":"standard","meta":{"sfsi_plus_gutenberg_text_before_share":"","sfsi_plus_gutenberg_show_text_before_share":"","sfsi_plus_gutenberg_icon_type":"","sfsi_plus_gutenberg_icon_alignemt":"","sfsi_plus_gutenburg_max_per_row":"","footnotes":""},"categories":[11],"tags":[],"class_list":["post-117786","post","type-post","status-publish","format-standard","has-post-thumbnail","hentry","category-politica"],"_links":{"self":[{"href":"https:\/\/www.caririemacao.com\/1\/wp-json\/wp\/v2\/posts\/117786","targetHints":{"allow":["GET"]}}],"collection":[{"href":"https:\/\/www.caririemacao.com\/1\/wp-json\/wp\/v2\/posts"}],"about":[{"href":"https:\/\/www.caririemacao.com\/1\/wp-json\/wp\/v2\/types\/post"}],"author":[{"embeddable":true,"href":"https:\/\/www.caririemacao.com\/1\/wp-json\/wp\/v2\/users\/1"}],"replies":[{"embeddable":true,"href":"https:\/\/www.caririemacao.com\/1\/wp-json\/wp\/v2\/comments?post=117786"}],"version-history":[{"count":1,"href":"https:\/\/www.caririemacao.com\/1\/wp-json\/wp\/v2\/posts\/117786\/revisions"}],"predecessor-version":[{"id":117787,"href":"https:\/\/www.caririemacao.com\/1\/wp-json\/wp\/v2\/posts\/117786\/revisions\/117787"}],"wp:featuredmedia":[{"embeddable":true,"href":"https:\/\/www.caririemacao.com\/1\/wp-json\/wp\/v2\/media\/112613"}],"wp:attachment":[{"href":"https:\/\/www.caririemacao.com\/1\/wp-json\/wp\/v2\/media?parent=117786"}],"wp:term":[{"taxonomy":"category","embeddable":true,"href":"https:\/\/www.caririemacao.com\/1\/wp-json\/wp\/v2\/categories?post=117786"},{"taxonomy":"post_tag","embeddable":true,"href":"https:\/\/www.caririemacao.com\/1\/wp-json\/wp\/v2\/tags?post=117786"}],"curies":[{"name":"wp","href":"https:\/\/api.w.org\/{rel}","templated":true}]}}