{"id":117795,"date":"2019-09-18T14:50:52","date_gmt":"2019-09-18T17:50:52","guid":{"rendered":"http:\/\/www.caririemacao.com\/1\/?p=117795"},"modified":"2019-09-18T14:51:23","modified_gmt":"2019-09-18T17:51:23","slug":"detento-da-cadeia-de-sume-morre-vitima-de-infarto","status":"publish","type":"post","link":"https:\/\/www.caririemacao.com\/1\/2019\/09\/18\/detento-da-cadeia-de-sume-morre-vitima-de-infarto\/","title":{"rendered":"Detento da Cadeia de Sum\u00e9 morre v\u00edtima de infarto"},"content":{"rendered":"\n<p>Um detento identificado como Sebasti\u00e3o morreu na manh\u00e3 desta quarta-feira (18), na Cadeia P\u00fablica de Sum\u00e9, no Cariri paraibano, v\u00edtima de infarto.<\/p>\n\n\n\n<p>Conforme informa\u00e7\u00f5es, o detento se queixou de dores no peito por volta das 8h da manh\u00e3, e uma unidade do Samu foi acionada e socorreu o detento para o Hospital de Sum\u00e9, que n\u00e3o resistiu e morreu v\u00edtima de infarto.<\/p>\n\n\n\n<p>O detento era suspeito de ter assassinado um sumeense conhecido por \u201cBelezinha\u201d.<\/p>\n\n\n\n<p>cariri ligado <\/p>\n","protected":false},"excerpt":{"rendered":"<p>Um detento identificado como Sebasti\u00e3o morreu na manh\u00e3 desta quarta-feira (18), na Cadeia P\u00fablica de Sum\u00e9, no Cariri paraibano, v\u00edtima de infarto. Conforme informa\u00e7\u00f5es, o&hellip; <\/p>\n","protected":false},"author":1,"featured_media":117801,"comment_status":"closed","ping_status":"closed","sticky":false,"template":"","format":"standard","meta":{"sfsi_plus_gutenberg_text_before_share":"","sfsi_plus_gutenberg_show_text_before_share":"","sfsi_plus_gutenberg_icon_type":"","sfsi_plus_gutenberg_icon_alignemt":"","sfsi_plus_gutenburg_max_per_row":"","footnotes":""},"categories":[12],"tags":[],"class_list":["post-117795","post","type-post","status-publish","format-standard","has-post-thumbnail","hentry","category-policia"],"_links":{"self":[{"href":"https:\/\/www.caririemacao.com\/1\/wp-json\/wp\/v2\/posts\/117795","targetHints":{"allow":["GET"]}}],"collection":[{"href":"https:\/\/www.caririemacao.com\/1\/wp-json\/wp\/v2\/posts"}],"about":[{"href":"https:\/\/www.caririemacao.com\/1\/wp-json\/wp\/v2\/types\/post"}],"author":[{"embeddable":true,"href":"https:\/\/www.caririemacao.com\/1\/wp-json\/wp\/v2\/users\/1"}],"replies":[{"embeddable":true,"href":"https:\/\/www.caririemacao.com\/1\/wp-json\/wp\/v2\/comments?post=117795"}],"version-history":[{"count":1,"href":"https:\/\/www.caririemacao.com\/1\/wp-json\/wp\/v2\/posts\/117795\/revisions"}],"predecessor-version":[{"id":117800,"href":"https:\/\/www.caririemacao.com\/1\/wp-json\/wp\/v2\/posts\/117795\/revisions\/117800"}],"wp:featuredmedia":[{"embeddable":true,"href":"https:\/\/www.caririemacao.com\/1\/wp-json\/wp\/v2\/media\/117801"}],"wp:attachment":[{"href":"https:\/\/www.caririemacao.com\/1\/wp-json\/wp\/v2\/media?parent=117795"}],"wp:term":[{"taxonomy":"category","embeddable":true,"href":"https:\/\/www.caririemacao.com\/1\/wp-json\/wp\/v2\/categories?post=117795"},{"taxonomy":"post_tag","embeddable":true,"href":"https:\/\/www.caririemacao.com\/1\/wp-json\/wp\/v2\/tags?post=117795"}],"curies":[{"name":"wp","href":"https:\/\/api.w.org\/{rel}","templated":true}]}}