{"id":117810,"date":"2019-09-18T17:44:23","date_gmt":"2019-09-18T20:44:23","guid":{"rendered":"http:\/\/www.caririemacao.com\/1\/?p=117810"},"modified":"2019-09-18T17:44:23","modified_gmt":"2019-09-18T20:44:23","slug":"prefeito-inacio-nobrega-faz-aniversario-nessa-quarta-feira","status":"publish","type":"post","link":"https:\/\/www.caririemacao.com\/1\/2019\/09\/18\/prefeito-inacio-nobrega-faz-aniversario-nessa-quarta-feira\/","title":{"rendered":"Prefeito In\u00e1cio N\u00f3brega faz anivers\u00e1rio nessa quarta-feira"},"content":{"rendered":"\n<p>Hoje (18) \u00e9 dia de comemorar o anivers\u00e1rio do prefeito In\u00e1cio N\u00f3brega.<br><em>Feliz anivers\u00e1rio Prefeito In\u00e1cio, que todos os seus sonhos para nossa cidade possam se tornar realidade e que a maturidade conquistada com o passar dos anos possa ser o combust\u00edvel que voc\u00ea necessite para continuar levando a cidade de Amparo a viver um novo momento!<\/em><em>Pela sua garra e destreza em guiar a Prefeitura pelos caminhos corretos \u00e9 que nos inspiramos diariamente, e em teus sonhos de transforma\u00e7\u00e3o e realiza\u00e7\u00e3o de uma cidade melhor.<\/em><br><em>Popula\u00e7\u00e3o Amparense<\/em><\/p>\n","protected":false},"excerpt":{"rendered":"<p>Hoje (18) \u00e9 dia de comemorar o anivers\u00e1rio do prefeito In\u00e1cio N\u00f3brega.Feliz anivers\u00e1rio Prefeito In\u00e1cio, que todos os seus sonhos para nossa cidade possam se&hellip; <\/p>\n","protected":false},"author":1,"featured_media":117811,"comment_status":"closed","ping_status":"closed","sticky":false,"template":"","format":"standard","meta":{"sfsi_plus_gutenberg_text_before_share":"","sfsi_plus_gutenberg_show_text_before_share":"","sfsi_plus_gutenberg_icon_type":"","sfsi_plus_gutenberg_icon_alignemt":"","sfsi_plus_gutenburg_max_per_row":"","footnotes":""},"categories":[6],"tags":[],"class_list":["post-117810","post","type-post","status-publish","format-standard","has-post-thumbnail","hentry","category-cidades"],"_links":{"self":[{"href":"https:\/\/www.caririemacao.com\/1\/wp-json\/wp\/v2\/posts\/117810","targetHints":{"allow":["GET"]}}],"collection":[{"href":"https:\/\/www.caririemacao.com\/1\/wp-json\/wp\/v2\/posts"}],"about":[{"href":"https:\/\/www.caririemacao.com\/1\/wp-json\/wp\/v2\/types\/post"}],"author":[{"embeddable":true,"href":"https:\/\/www.caririemacao.com\/1\/wp-json\/wp\/v2\/users\/1"}],"replies":[{"embeddable":true,"href":"https:\/\/www.caririemacao.com\/1\/wp-json\/wp\/v2\/comments?post=117810"}],"version-history":[{"count":1,"href":"https:\/\/www.caririemacao.com\/1\/wp-json\/wp\/v2\/posts\/117810\/revisions"}],"predecessor-version":[{"id":117812,"href":"https:\/\/www.caririemacao.com\/1\/wp-json\/wp\/v2\/posts\/117810\/revisions\/117812"}],"wp:featuredmedia":[{"embeddable":true,"href":"https:\/\/www.caririemacao.com\/1\/wp-json\/wp\/v2\/media\/117811"}],"wp:attachment":[{"href":"https:\/\/www.caririemacao.com\/1\/wp-json\/wp\/v2\/media?parent=117810"}],"wp:term":[{"taxonomy":"category","embeddable":true,"href":"https:\/\/www.caririemacao.com\/1\/wp-json\/wp\/v2\/categories?post=117810"},{"taxonomy":"post_tag","embeddable":true,"href":"https:\/\/www.caririemacao.com\/1\/wp-json\/wp\/v2\/tags?post=117810"}],"curies":[{"name":"wp","href":"https:\/\/api.w.org\/{rel}","templated":true}]}}