{"id":117819,"date":"2019-09-18T17:53:49","date_gmt":"2019-09-18T20:53:49","guid":{"rendered":"http:\/\/www.caririemacao.com\/1\/?p=117819"},"modified":"2019-09-18T17:53:49","modified_gmt":"2019-09-18T20:53:49","slug":"reinaldo-gottino-sai-da-record-tv-e-reforca-time-da-cnn","status":"publish","type":"post","link":"https:\/\/www.caririemacao.com\/1\/2019\/09\/18\/reinaldo-gottino-sai-da-record-tv-e-reforca-time-da-cnn\/","title":{"rendered":"Reinaldo Gottino sai da Record TV e refor\u00e7a time da CNN"},"content":{"rendered":"\n<p>Desde 2014 no comando do Balan\u00e7o Geral, da Record TV, Reinaldo Gottino s\u00f3 cresceu em audi\u00eancia.<\/p>\n\n\n\n<p>Acompanhado de Fab\u00edola Reipert, especialista em not\u00edcias de personalidades, e do comentarista Renato Lombardi, chegou a conquistar a lideran\u00e7a diversas vezes no hor\u00e1rio, derrotando a hist\u00f3rica advers\u00e1ria Rede Globo.<\/p>\n\n\n\n<p>O programa \u00e9 uma jun\u00e7\u00e3o de informa\u00e7\u00f5es do notici\u00e1rio em tempo real do que acontece no Brasil e no mundo, da vida profissional e pessoal de artistas e a participa\u00e7\u00e3o do telespectador.<\/p>\n\n\n\n<p>A Record TV confirma a notifica\u00e7\u00e3o de Gottino, mas n\u00e3o falar\u00e1 sobre o desligamento do apresentador. O E+ procurou o jornalista, mas ainda n\u00e3o teve retorno. A reportagem tamb\u00e9m entrou em contato com a CNN, que s\u00f3 confirma novas contrata\u00e7\u00f5es pelas redes sociais ou comunicados oficiais.<\/p>\n\n\n\n<p>A edi\u00e7\u00e3o desta ter\u00e7a-feira, 17, do Balan\u00e7o Geral foi conduzida por Luiz Bacci.<\/p>\n\n\n\n<p>Douglas Tavolaro, que era diretor de Jornalismo da emissora, foi contratado da CNN Brasil em janeiro. A partir de ent\u00e3o, diversos profissionais da Globo pediram demiss\u00e3o para integrar o time do canal americano, como Monalisa Perrone, que comandava o Hora Um. Reinaldo Gottino \u00e9 o primeiro nome de destaque da emissora de Edir Macedo a ir embora.<\/p>\n\n\n\n<p>Nesta segunda-feira, o apresentador do Balan\u00e7o Geral publicou uma foto no Instagram em que aparece de costas olhando para os logotipos da Record TV. Apesar de n\u00e3o escrever nenhum texto, a postagem foi comentada por diversas personalidades, como Adriane Galisteu, que desejaram sorte no novo desafio.<\/p>\n\n\n\n<p>Sempre ao lado dos companheiros, Reinaldo Gottino comemorava cada dia em que o Balan\u00e7o Geral conquistava o primeiro lugar em audi\u00eancia.<\/p>\n\n\n\n<p>No fim de agosto, o jornalista chegou a derrotar dois programas da Globo. \u201cQue semana! Para entrar para a hist\u00f3ria\u201d, escreveu.<\/p>\n","protected":false},"excerpt":{"rendered":"<p>Desde 2014 no comando do Balan\u00e7o Geral, da Record TV, Reinaldo Gottino s\u00f3 cresceu em audi\u00eancia. Acompanhado de Fab\u00edola Reipert, especialista em not\u00edcias de personalidades,&hellip; <\/p>\n","protected":false},"author":1,"featured_media":117821,"comment_status":"closed","ping_status":"closed","sticky":false,"template":"","format":"standard","meta":{"sfsi_plus_gutenberg_text_before_share":"","sfsi_plus_gutenberg_show_text_before_share":"","sfsi_plus_gutenberg_icon_type":"","sfsi_plus_gutenberg_icon_alignemt":"","sfsi_plus_gutenburg_max_per_row":"","footnotes":""},"categories":[2],"tags":[],"class_list":["post-117819","post","type-post","status-publish","format-standard","has-post-thumbnail","hentry","category-geral"],"_links":{"self":[{"href":"https:\/\/www.caririemacao.com\/1\/wp-json\/wp\/v2\/posts\/117819","targetHints":{"allow":["GET"]}}],"collection":[{"href":"https:\/\/www.caririemacao.com\/1\/wp-json\/wp\/v2\/posts"}],"about":[{"href":"https:\/\/www.caririemacao.com\/1\/wp-json\/wp\/v2\/types\/post"}],"author":[{"embeddable":true,"href":"https:\/\/www.caririemacao.com\/1\/wp-json\/wp\/v2\/users\/1"}],"replies":[{"embeddable":true,"href":"https:\/\/www.caririemacao.com\/1\/wp-json\/wp\/v2\/comments?post=117819"}],"version-history":[{"count":1,"href":"https:\/\/www.caririemacao.com\/1\/wp-json\/wp\/v2\/posts\/117819\/revisions"}],"predecessor-version":[{"id":117822,"href":"https:\/\/www.caririemacao.com\/1\/wp-json\/wp\/v2\/posts\/117819\/revisions\/117822"}],"wp:featuredmedia":[{"embeddable":true,"href":"https:\/\/www.caririemacao.com\/1\/wp-json\/wp\/v2\/media\/117821"}],"wp:attachment":[{"href":"https:\/\/www.caririemacao.com\/1\/wp-json\/wp\/v2\/media?parent=117819"}],"wp:term":[{"taxonomy":"category","embeddable":true,"href":"https:\/\/www.caririemacao.com\/1\/wp-json\/wp\/v2\/categories?post=117819"},{"taxonomy":"post_tag","embeddable":true,"href":"https:\/\/www.caririemacao.com\/1\/wp-json\/wp\/v2\/tags?post=117819"}],"curies":[{"name":"wp","href":"https:\/\/api.w.org\/{rel}","templated":true}]}}