{"id":117835,"date":"2019-09-18T22:30:34","date_gmt":"2019-09-19T01:30:34","guid":{"rendered":"http:\/\/www.caririemacao.com\/1\/?p=117835"},"modified":"2019-09-18T22:30:34","modified_gmt":"2019-09-19T01:30:34","slug":"vice-prefeito-de-ouro-velho-participa-de-seminario-do-pb-rural-sustentavel-em-sume","status":"publish","type":"post","link":"https:\/\/www.caririemacao.com\/1\/2019\/09\/18\/vice-prefeito-de-ouro-velho-participa-de-seminario-do-pb-rural-sustentavel-em-sume\/","title":{"rendered":"Vice-prefeito de Ouro Velho participa de Semin\u00e1rio do PB Rural Sustent\u00e1vel em Sum\u00e9"},"content":{"rendered":"\n<p>Ao lado dos secret\u00e1rios da Prefeitura de Ouro Velho, Wender\nSindclei e Amara C\u00e9lia, secret\u00e1rio de obras e secret\u00e1rio de agricultura,\nrespectivamente, o vice-prefeito de Ouro Velho, Fl\u00e1vio Henrique, participou na\nmanh\u00e3 desta quarta-feira, dia 18, do Semin\u00e1rios do PB Rural Sustent\u00e1vel,\nrealizado na cidade na cidade de Sum\u00e9, no Cariri Paraibano.<\/p>\n\n\n\n<p>O programa PB Rural Sustent\u00e1vel \u00e9 executado pelo Projeto\nCooperar e voltado para a agricultura familiar, visando melhorar o acesso \u00e0\n\u00e1gua, reduzindo a vulnerabilidade agroclim\u00e1tica e aumentar o acesso a mercados\nda popula\u00e7\u00e3o rural da Para\u00edba. <\/p>\n\n\n\n<p>Al\u00e9m da cidade de Ouro Velho, o evento tamb\u00e9m contou com a participa\u00e7\u00e3o\nde representantes de v\u00e1rios munic\u00edpios envolvidos na regi\u00e3o.<\/p>\n\n\n\n<p>Para o vice-prefeito Fl\u00e1vio Henrique (Ike) o encontro foi importante\nporque, com a troca de experi\u00eancia, os agricultores ourovelhense poder\u00e3o se\nbeneficiar com os projetos do Cooperar, onde ser\u00e3o investidos US$ 80 milh\u00f5es,\nsendo US$ 50 milh\u00f5es provenientes do contrato de empr\u00e9stimo com o Banco Mundial\ne US$ 30 milh\u00f5es de contrapartida do Estado, beneficiando 45 mil fam\u00edlias\nparaibanas, inclusive o munic\u00edpio de Ouro Velho.<\/p>\n","protected":false},"excerpt":{"rendered":"<p>Ao lado dos secret\u00e1rios da Prefeitura de Ouro Velho, Wender Sindclei e Amara C\u00e9lia, secret\u00e1rio de obras e secret\u00e1rio de agricultura, respectivamente, o vice-prefeito de&hellip; <\/p>\n","protected":false},"author":2,"featured_media":117836,"comment_status":"closed","ping_status":"closed","sticky":false,"template":"","format":"standard","meta":{"sfsi_plus_gutenberg_text_before_share":"","sfsi_plus_gutenberg_show_text_before_share":"","sfsi_plus_gutenberg_icon_type":"","sfsi_plus_gutenberg_icon_alignemt":"","sfsi_plus_gutenburg_max_per_row":"","footnotes":""},"categories":[6,50],"tags":[],"class_list":["post-117835","post","type-post","status-publish","format-standard","has-post-thumbnail","hentry","category-cidades","category-destaque"],"_links":{"self":[{"href":"https:\/\/www.caririemacao.com\/1\/wp-json\/wp\/v2\/posts\/117835","targetHints":{"allow":["GET"]}}],"collection":[{"href":"https:\/\/www.caririemacao.com\/1\/wp-json\/wp\/v2\/posts"}],"about":[{"href":"https:\/\/www.caririemacao.com\/1\/wp-json\/wp\/v2\/types\/post"}],"author":[{"embeddable":true,"href":"https:\/\/www.caririemacao.com\/1\/wp-json\/wp\/v2\/users\/2"}],"replies":[{"embeddable":true,"href":"https:\/\/www.caririemacao.com\/1\/wp-json\/wp\/v2\/comments?post=117835"}],"version-history":[{"count":1,"href":"https:\/\/www.caririemacao.com\/1\/wp-json\/wp\/v2\/posts\/117835\/revisions"}],"predecessor-version":[{"id":117837,"href":"https:\/\/www.caririemacao.com\/1\/wp-json\/wp\/v2\/posts\/117835\/revisions\/117837"}],"wp:featuredmedia":[{"embeddable":true,"href":"https:\/\/www.caririemacao.com\/1\/wp-json\/wp\/v2\/media\/117836"}],"wp:attachment":[{"href":"https:\/\/www.caririemacao.com\/1\/wp-json\/wp\/v2\/media?parent=117835"}],"wp:term":[{"taxonomy":"category","embeddable":true,"href":"https:\/\/www.caririemacao.com\/1\/wp-json\/wp\/v2\/categories?post=117835"},{"taxonomy":"post_tag","embeddable":true,"href":"https:\/\/www.caririemacao.com\/1\/wp-json\/wp\/v2\/tags?post=117835"}],"curies":[{"name":"wp","href":"https:\/\/api.w.org\/{rel}","templated":true}]}}