{"id":117838,"date":"2019-09-18T22:50:41","date_gmt":"2019-09-19T01:50:41","guid":{"rendered":"http:\/\/www.caririemacao.com\/1\/?p=117838"},"modified":"2019-09-18T22:50:41","modified_gmt":"2019-09-19T01:50:41","slug":"semifinais-do-campeonato-de-futebol-de-caraubas-acontecem-neste-domingo-22","status":"publish","type":"post","link":"https:\/\/www.caririemacao.com\/1\/2019\/09\/18\/semifinais-do-campeonato-de-futebol-de-caraubas-acontecem-neste-domingo-22\/","title":{"rendered":"Semifinais do Campeonato de Futebol de Cara\u00fabas acontecem neste domingo (22)"},"content":{"rendered":"\n<p>Depois de v\u00e1rias partidas bastante acirradas, o Campeonato Municipal de Futebol de Cara\u00fabas chega as fases finais com a realiza\u00e7\u00e3o de dois grandes jogos.<\/p>\n\n\n\n<p>Os jogos da semifinal come\u00e7ar\u00e3o \u00e0s 16h e ser\u00e3o realizados no Est\u00e1dio de Futebol Jos\u00e9 Valderi Neves. <\/p>\n\n\n\n<p>A primeira disputa ser\u00e1 entre a equipe da comunidade de Passagem, a aguerrida Alian\u00e7a F. C. que enfrentar\u00e1 a equipe do Barreiras Futebol Clube. Em seguida, as equipes dos Amigos enfrentar\u00e1 a forte e jovem equipe do Zenit. Ser\u00e3o jogos bastante disputados e devem movimentar toda a cidade. <\/p>\n\n\n\n<figure class=\"wp-block-image\"><img fetchpriority=\"high\" decoding=\"async\" width=\"600\" height=\"450\" src=\"http:\/\/www.caririemacao.com\/1\/wp-content\/uploads\/2019\/09\/60731343_2064199470355832_5494740365455917056_o-600x450.jpg\" alt=\"\" class=\"wp-image-117840\" srcset=\"https:\/\/www.caririemacao.com\/1\/wp-content\/uploads\/2019\/09\/60731343_2064199470355832_5494740365455917056_o-600x450.jpg 600w, https:\/\/www.caririemacao.com\/1\/wp-content\/uploads\/2019\/09\/60731343_2064199470355832_5494740365455917056_o-600x450-300x225.jpg 300w\" sizes=\"(max-width: 600px) 100vw, 600px\" \/><\/figure>\n\n\n\n<p>O prefeito Silvano est\u00e1 satisfeito com a realiza\u00e7\u00e3o do\ncampeonato e comenta que o p\u00fablico esperado deve superar todos os anos. Ele\naproveita para convidar todos os caraubenses para acompanhar as partidas que\ncontar\u00e3o com \u00e1rbitros de Campina Grande\/PB.<\/p>\n","protected":false},"excerpt":{"rendered":"<p>Depois de v\u00e1rias partidas bastante acirradas, o Campeonato Municipal de Futebol de Cara\u00fabas chega as fases finais com a realiza\u00e7\u00e3o de dois grandes jogos. Os&hellip; <\/p>\n","protected":false},"author":2,"featured_media":117839,"comment_status":"closed","ping_status":"closed","sticky":false,"template":"","format":"standard","meta":{"sfsi_plus_gutenberg_text_before_share":"","sfsi_plus_gutenberg_show_text_before_share":"","sfsi_plus_gutenberg_icon_type":"","sfsi_plus_gutenberg_icon_alignemt":"","sfsi_plus_gutenburg_max_per_row":"","footnotes":""},"categories":[50,13],"tags":[],"class_list":["post-117838","post","type-post","status-publish","format-standard","has-post-thumbnail","hentry","category-destaque","category-esportes"],"_links":{"self":[{"href":"https:\/\/www.caririemacao.com\/1\/wp-json\/wp\/v2\/posts\/117838","targetHints":{"allow":["GET"]}}],"collection":[{"href":"https:\/\/www.caririemacao.com\/1\/wp-json\/wp\/v2\/posts"}],"about":[{"href":"https:\/\/www.caririemacao.com\/1\/wp-json\/wp\/v2\/types\/post"}],"author":[{"embeddable":true,"href":"https:\/\/www.caririemacao.com\/1\/wp-json\/wp\/v2\/users\/2"}],"replies":[{"embeddable":true,"href":"https:\/\/www.caririemacao.com\/1\/wp-json\/wp\/v2\/comments?post=117838"}],"version-history":[{"count":1,"href":"https:\/\/www.caririemacao.com\/1\/wp-json\/wp\/v2\/posts\/117838\/revisions"}],"predecessor-version":[{"id":117841,"href":"https:\/\/www.caririemacao.com\/1\/wp-json\/wp\/v2\/posts\/117838\/revisions\/117841"}],"wp:featuredmedia":[{"embeddable":true,"href":"https:\/\/www.caririemacao.com\/1\/wp-json\/wp\/v2\/media\/117839"}],"wp:attachment":[{"href":"https:\/\/www.caririemacao.com\/1\/wp-json\/wp\/v2\/media?parent=117838"}],"wp:term":[{"taxonomy":"category","embeddable":true,"href":"https:\/\/www.caririemacao.com\/1\/wp-json\/wp\/v2\/categories?post=117838"},{"taxonomy":"post_tag","embeddable":true,"href":"https:\/\/www.caririemacao.com\/1\/wp-json\/wp\/v2\/tags?post=117838"}],"curies":[{"name":"wp","href":"https:\/\/api.w.org\/{rel}","templated":true}]}}