{"id":117842,"date":"2019-09-18T22:58:20","date_gmt":"2019-09-19T01:58:20","guid":{"rendered":"http:\/\/www.caririemacao.com\/1\/?p=117842"},"modified":"2019-09-18T22:58:44","modified_gmt":"2019-09-19T01:58:44","slug":"unifip-em-monteiro-esta-pos-graduacao-em-gestao-publica-e-direito-administrativo","status":"publish","type":"post","link":"https:\/\/www.caririemacao.com\/1\/2019\/09\/18\/unifip-em-monteiro-esta-pos-graduacao-em-gestao-publica-e-direito-administrativo\/","title":{"rendered":"UNIFIP em Monteiro est\u00e1 com P\u00f3s Gradua\u00e7\u00e3o em Gest\u00e3o P\u00fablica e Direito Administrativo"},"content":{"rendered":"\n<p>As Faculdades Integradas de Patos\/Campina Grande \u2013\nFIP-Campina Grande &#8211; \u00e9 uma Institui\u00e7\u00e3o de Ensino Superior, mantida pelo Centro\nEducacional de Ensino Superior de Patos Ltda., com sede na Cidade de Patos,\nPara\u00edba, e que inicia suas atividades no primeiro semestre de 2019.<\/p>\n\n\n\n<p>A UNIFIP est\u00e1 com um polo presencial em Monteiro, h\u00e1 mais de\n3 anos, com p\u00f3s gradua\u00e7\u00f5es em Contabilidade: controladoria e auditoria, em\nseguran\u00e7a no Trabalho: Engenharia de seguran\u00e7a no trabalho e agora est\u00e1\ntrazendo para o Cariri a P\u00d3S GRADUA\u00c7\u00c3O em GEST\u00c3O P\u00daBLICA E DIREITO ADMINISTRATIVO.\n<\/p>\n\n\n\n<p>\u201cNosso corpo docente \u00e9 formado por mestres e doutores,\nproporcionando ao acad\u00eamico do UNIFIP uma excelente metodologia de ensino, as\np\u00f3s-gradua\u00e7\u00f5es s\u00e3o em Monteiro, as aulas ser\u00e3o aos s\u00e1bados a cada 15 dias,\nambiente climatizado, confort\u00e1vel e pr\u00f3ximo de voc\u00ea, voc\u00ea n\u00e3o precisa se\ndeslocar para Campina Grande, fa\u00e7a sua p\u00f3s gradua\u00e7\u00e3o em gest\u00e3o p\u00fablica e\ndireito administrativo em Monteiro na UNIFIP\u201d, explicou Jo\u00e3o Batista (Bambam),\ngestor local.<\/p>\n\n\n\n<p>Estamos com matr\u00edculas abertas, ligue 999749718 falar com\nBambam.<\/p>\n","protected":false},"excerpt":{"rendered":"<p>As Faculdades Integradas de Patos\/Campina Grande \u2013 FIP-Campina Grande &#8211; \u00e9 uma Institui\u00e7\u00e3o de Ensino Superior, mantida pelo Centro Educacional de Ensino Superior de Patos&hellip; <\/p>\n","protected":false},"author":2,"featured_media":117843,"comment_status":"closed","ping_status":"closed","sticky":false,"template":"","format":"standard","meta":{"sfsi_plus_gutenberg_text_before_share":"","sfsi_plus_gutenberg_show_text_before_share":"","sfsi_plus_gutenberg_icon_type":"","sfsi_plus_gutenberg_icon_alignemt":"","sfsi_plus_gutenburg_max_per_row":"","footnotes":""},"categories":[50,14],"tags":[],"class_list":["post-117842","post","type-post","status-publish","format-standard","has-post-thumbnail","hentry","category-destaque","category-educacao"],"_links":{"self":[{"href":"https:\/\/www.caririemacao.com\/1\/wp-json\/wp\/v2\/posts\/117842","targetHints":{"allow":["GET"]}}],"collection":[{"href":"https:\/\/www.caririemacao.com\/1\/wp-json\/wp\/v2\/posts"}],"about":[{"href":"https:\/\/www.caririemacao.com\/1\/wp-json\/wp\/v2\/types\/post"}],"author":[{"embeddable":true,"href":"https:\/\/www.caririemacao.com\/1\/wp-json\/wp\/v2\/users\/2"}],"replies":[{"embeddable":true,"href":"https:\/\/www.caririemacao.com\/1\/wp-json\/wp\/v2\/comments?post=117842"}],"version-history":[{"count":3,"href":"https:\/\/www.caririemacao.com\/1\/wp-json\/wp\/v2\/posts\/117842\/revisions"}],"predecessor-version":[{"id":117846,"href":"https:\/\/www.caririemacao.com\/1\/wp-json\/wp\/v2\/posts\/117842\/revisions\/117846"}],"wp:featuredmedia":[{"embeddable":true,"href":"https:\/\/www.caririemacao.com\/1\/wp-json\/wp\/v2\/media\/117843"}],"wp:attachment":[{"href":"https:\/\/www.caririemacao.com\/1\/wp-json\/wp\/v2\/media?parent=117842"}],"wp:term":[{"taxonomy":"category","embeddable":true,"href":"https:\/\/www.caririemacao.com\/1\/wp-json\/wp\/v2\/categories?post=117842"},{"taxonomy":"post_tag","embeddable":true,"href":"https:\/\/www.caririemacao.com\/1\/wp-json\/wp\/v2\/tags?post=117842"}],"curies":[{"name":"wp","href":"https:\/\/api.w.org\/{rel}","templated":true}]}}