{"id":117848,"date":"2019-09-19T00:44:40","date_gmt":"2019-09-19T03:44:40","guid":{"rendered":"http:\/\/www.caririemacao.com\/1\/?p=117848"},"modified":"2019-09-19T00:44:40","modified_gmt":"2019-09-19T03:44:40","slug":"urgente-adolescente-monteirense-e-encontrado-morto-na-pb-264","status":"publish","type":"post","link":"https:\/\/www.caririemacao.com\/1\/2019\/09\/19\/urgente-adolescente-monteirense-e-encontrado-morto-na-pb-264\/","title":{"rendered":"URGENTE: Adolescente Monteirense \u00e9 encontrado morto na PB-264"},"content":{"rendered":"\n<p>Um adolescente de 17 anos foi encontrado morto na noite desta quarta-feira (18), as margens da rodovia estadual PB-264, no munic\u00edpio de S\u00e3o Sebasti\u00e3o do Umbuzeiro, no Cariri Paraibano.<\/p>\n\n\n\n<figure class=\"wp-block-image\"><img fetchpriority=\"high\" decoding=\"async\" width=\"540\" height=\"722\" src=\"http:\/\/www.caririemacao.com\/1\/wp-content\/uploads\/2019\/09\/IMG-20190918-WA0703.jpg\" alt=\"\" class=\"wp-image-117849\" srcset=\"https:\/\/www.caririemacao.com\/1\/wp-content\/uploads\/2019\/09\/IMG-20190918-WA0703.jpg 540w, https:\/\/www.caririemacao.com\/1\/wp-content\/uploads\/2019\/09\/IMG-20190918-WA0703-224x300.jpg 224w\" sizes=\"(max-width: 540px) 100vw, 540px\" \/><\/figure>\n\n\n\n<p>Conforme informa\u00e7\u00f5es, o corpo do adolescente, identificado como Micael Ferreira, foi encontrado ca\u00eddo pr\u00f3ximo ao Matadouro P\u00fablico de S\u00e3o Sebasti\u00e3o do Umbuzeiro, e junto estava a moto em que ele pilotava.<\/p>\n\n\n\n<p>Ainda n\u00e3o sabe as causas que provocaram a morte, a principal suspeita \u00e9 que tenha sido um acidente, por\u00e9m, n\u00e3o est\u00e1 descartado a possibilidade de ter sido um homic\u00eddio, mas apenas a per\u00edcia ir\u00e1 desvendar os reais motivos.<\/p>\n\n\n\n<p>A Pol\u00edcia foi acionada e est\u00e1 no local. O corpo ser\u00e1 encaminhado para o N\u00facleo de Medicina Legal de Campina Grande.<\/p>\n","protected":false},"excerpt":{"rendered":"<p>Um adolescente de 17 anos foi encontrado morto na noite desta quarta-feira (18), as margens da rodovia estadual PB-264, no munic\u00edpio de S\u00e3o Sebasti\u00e3o do&hellip; <\/p>\n","protected":false},"author":2,"featured_media":117850,"comment_status":"closed","ping_status":"closed","sticky":false,"template":"","format":"standard","meta":{"sfsi_plus_gutenberg_text_before_share":"","sfsi_plus_gutenberg_show_text_before_share":"","sfsi_plus_gutenberg_icon_type":"","sfsi_plus_gutenberg_icon_alignemt":"","sfsi_plus_gutenburg_max_per_row":"","footnotes":""},"categories":[50,12],"tags":[],"class_list":["post-117848","post","type-post","status-publish","format-standard","has-post-thumbnail","hentry","category-destaque","category-policia"],"_links":{"self":[{"href":"https:\/\/www.caririemacao.com\/1\/wp-json\/wp\/v2\/posts\/117848","targetHints":{"allow":["GET"]}}],"collection":[{"href":"https:\/\/www.caririemacao.com\/1\/wp-json\/wp\/v2\/posts"}],"about":[{"href":"https:\/\/www.caririemacao.com\/1\/wp-json\/wp\/v2\/types\/post"}],"author":[{"embeddable":true,"href":"https:\/\/www.caririemacao.com\/1\/wp-json\/wp\/v2\/users\/2"}],"replies":[{"embeddable":true,"href":"https:\/\/www.caririemacao.com\/1\/wp-json\/wp\/v2\/comments?post=117848"}],"version-history":[{"count":1,"href":"https:\/\/www.caririemacao.com\/1\/wp-json\/wp\/v2\/posts\/117848\/revisions"}],"predecessor-version":[{"id":117851,"href":"https:\/\/www.caririemacao.com\/1\/wp-json\/wp\/v2\/posts\/117848\/revisions\/117851"}],"wp:featuredmedia":[{"embeddable":true,"href":"https:\/\/www.caririemacao.com\/1\/wp-json\/wp\/v2\/media\/117850"}],"wp:attachment":[{"href":"https:\/\/www.caririemacao.com\/1\/wp-json\/wp\/v2\/media?parent=117848"}],"wp:term":[{"taxonomy":"category","embeddable":true,"href":"https:\/\/www.caririemacao.com\/1\/wp-json\/wp\/v2\/categories?post=117848"},{"taxonomy":"post_tag","embeddable":true,"href":"https:\/\/www.caririemacao.com\/1\/wp-json\/wp\/v2\/tags?post=117848"}],"curies":[{"name":"wp","href":"https:\/\/api.w.org\/{rel}","templated":true}]}}