{"id":117852,"date":"2019-09-19T02:25:03","date_gmt":"2019-09-19T05:25:03","guid":{"rendered":"http:\/\/www.caririemacao.com\/1\/?p=117852"},"modified":"2019-09-19T02:25:03","modified_gmt":"2019-09-19T05:25:03","slug":"caririzeiro-e-campeao-da-copa-do-brasil","status":"publish","type":"post","link":"https:\/\/www.caririemacao.com\/1\/2019\/09\/19\/caririzeiro-e-campeao-da-copa-do-brasil\/","title":{"rendered":"Caririzeiro \u00e9 campe\u00e3o da Copa do Brasil"},"content":{"rendered":"\n<p>O goleiro Santos, Filho Natural de Cabaceiras no Cariri da Paraiba, entra para Hist\u00f3ria do Clube Athletico Paranaense e Conquista mais um Titulo para sua Carreira Profissional.<\/p>\n\n\n\n<p>O Goleiro Paraibano, Santos, brilhou no gol do Athletico e mais uma vez conseguiu um t\u00edtulo in\u00e9dito para o Furac\u00e3o, desta vez foi o titulo da Copa do Brasil 2019.<\/p>\n\n\n\n<p>O Furac\u00e3o superou o Internacional na decis\u00e3o (vit\u00f3rias por 1 a 0 na ida, na Baixada, e por 2 a 1 na volta, no Beira-Rio) e conquistou o t\u00edtulo pela primeira vez na hist\u00f3ria. Agora s\u00e3o 16 campe\u00f5es da Copa do Brasil desde a primeira edi\u00e7\u00e3o, em 1989.<\/p>\n\n\n\n<p>Santos \u00e9 filho da Cidade de Cabaceiras, no Cariri Paraibano e h\u00e1 11 anos comp\u00f5em o elenco do Athletico Paranaense. Em Cabaceiras, na terra natal de Santos, um tel\u00e3o foi montada para exibir o jogo.<\/p>\n\n\n\n<p>Familiares, Amigos e Conterr\u00e2neos do Goleiro Santos, assistiram a grande final\u00edssima e por fim, comemoraram com muita festa o t\u00edtulo in\u00e9dito da Copa do Brasil na rua onde reside os familiares do Goleiro Santos, em Cabaceiras, interior da Para\u00edba.<\/p>\n\n\n\n<p>Ap\u00f3s o apito final, o c\u00e9u da cidade de Cabaceiras ficou iluminado com os in\u00fameros fogos de artif\u00edcios que foram soltados pelos Familiares, amigos e os conterr\u00e2neos Cabaceirenses.<\/p>\n\n\n\n<p>Estiveram Presente fazendo a cobertura direto da casa dos Pais do Goleiro Santos a Imprensa Paraibana, TV Paraiba (Afiliada da Rede Globo) e TV Borborema (Afiliada do SBT).<\/p>\n\n\n\n<p>O Prefeito da cidade de Cabaceiras PB,  Tiago Castro, tamb\u00e9m esteve presente prestigiando o jogo ao lado dos familiares e amigos, e Parabenizou os Familiares do Goleiro Santos, por mais uma conquista, deste  filho ilustres de Cabaceiras, e  desejou muito sucesso ao arqueiro Athleticano.<\/p>\n","protected":false},"excerpt":{"rendered":"<p>O goleiro Santos, Filho Natural de Cabaceiras no Cariri da Paraiba, entra para Hist\u00f3ria do Clube Athletico Paranaense e Conquista mais um Titulo para sua&hellip; <\/p>\n","protected":false},"author":2,"featured_media":117853,"comment_status":"closed","ping_status":"closed","sticky":false,"template":"","format":"standard","meta":{"sfsi_plus_gutenberg_text_before_share":"","sfsi_plus_gutenberg_show_text_before_share":"","sfsi_plus_gutenberg_icon_type":"","sfsi_plus_gutenberg_icon_alignemt":"","sfsi_plus_gutenburg_max_per_row":"","footnotes":""},"categories":[50,13],"tags":[],"class_list":["post-117852","post","type-post","status-publish","format-standard","has-post-thumbnail","hentry","category-destaque","category-esportes"],"_links":{"self":[{"href":"https:\/\/www.caririemacao.com\/1\/wp-json\/wp\/v2\/posts\/117852","targetHints":{"allow":["GET"]}}],"collection":[{"href":"https:\/\/www.caririemacao.com\/1\/wp-json\/wp\/v2\/posts"}],"about":[{"href":"https:\/\/www.caririemacao.com\/1\/wp-json\/wp\/v2\/types\/post"}],"author":[{"embeddable":true,"href":"https:\/\/www.caririemacao.com\/1\/wp-json\/wp\/v2\/users\/2"}],"replies":[{"embeddable":true,"href":"https:\/\/www.caririemacao.com\/1\/wp-json\/wp\/v2\/comments?post=117852"}],"version-history":[{"count":1,"href":"https:\/\/www.caririemacao.com\/1\/wp-json\/wp\/v2\/posts\/117852\/revisions"}],"predecessor-version":[{"id":117854,"href":"https:\/\/www.caririemacao.com\/1\/wp-json\/wp\/v2\/posts\/117852\/revisions\/117854"}],"wp:featuredmedia":[{"embeddable":true,"href":"https:\/\/www.caririemacao.com\/1\/wp-json\/wp\/v2\/media\/117853"}],"wp:attachment":[{"href":"https:\/\/www.caririemacao.com\/1\/wp-json\/wp\/v2\/media?parent=117852"}],"wp:term":[{"taxonomy":"category","embeddable":true,"href":"https:\/\/www.caririemacao.com\/1\/wp-json\/wp\/v2\/categories?post=117852"},{"taxonomy":"post_tag","embeddable":true,"href":"https:\/\/www.caririemacao.com\/1\/wp-json\/wp\/v2\/tags?post=117852"}],"curies":[{"name":"wp","href":"https:\/\/api.w.org\/{rel}","templated":true}]}}