{"id":117855,"date":"2019-09-19T06:54:35","date_gmt":"2019-09-19T09:54:35","guid":{"rendered":"http:\/\/www.caririemacao.com\/1\/?p=117855"},"modified":"2019-09-19T06:54:35","modified_gmt":"2019-09-19T09:54:35","slug":"empresario-campinense-dono-da-mascate-malhas-e-encontrado-morto-dentro-de-escritorio-e-deixa-bilhete","status":"publish","type":"post","link":"https:\/\/www.caririemacao.com\/1\/2019\/09\/19\/empresario-campinense-dono-da-mascate-malhas-e-encontrado-morto-dentro-de-escritorio-e-deixa-bilhete\/","title":{"rendered":"Empres\u00e1rio Campinense dono da Mascate Malhas \u00e9 encontrado morto dentro de escrit\u00f3rio e deixa bilhete"},"content":{"rendered":"\n<p>Dono da Mascate Malhas \u00e9 encontrado morto dentro de escrit\u00f3rio e deixa bilheteCometeu suic\u00eddio na manh\u00e3 desta quarta-feira (18) em Caruaru, o empres\u00e1rio Rostand Pinheiro de Lucena, de 48 anos, que era o propriet\u00e1rio da loja Mascate T\u00eaxtil na Avenida Vera Cruz, no bairro S\u00e3o Francisco. Ele tirou a pr\u00f3pria vida quando estava dentro do escrit\u00f3rio. O empres\u00e1rio era natural de Campina Grande.O delegado da 1\u00aa DP, Dr. Alberes Cristiany Costa, acompanhou o levantamento cadav\u00e9rico realizado pelo IC \u2013 Instituto de Criminal\u00edstica e informou que o empres\u00e1rio utilizou um rev\u00f3lver calibre 38 no cometimento do ano e deixou um bilhete de despedida na agenda.Esse suic\u00eddio foi cometido em meio ao Setembro Amarelo que \u00e9 uma campanha brasileira de preven\u00e7\u00e3o ao suic\u00eddio, iniciada em 2015. \u00c9 uma iniciativa do Centro de Valoriza\u00e7\u00e3o da Vida (CVV), do Conselho Federal de Medicina (CFM) e da Associa\u00e7\u00e3o Brasileira de Psiquiatria (ABP). O m\u00eas de setembro foi escolhido para a campanha porque, desde 2003, o dia 10 de setembro \u00e9 o Dia Mundial de Preven\u00e7\u00e3o do Suic\u00eddio. A ideia \u00e9 promover eventos que abram espa\u00e7o para debates sobre suic\u00eddio e divulgar o tema alertando a popula\u00e7\u00e3o sobre a import\u00e2ncia de sua discuss\u00e3o.Durante o m\u00eas da campanha, costuma-se iluminar locais p\u00fablicos com a cor amarela. Por exemplo, em 2015 foram iluminados o Cristo Redentor (RJ), o Congresso Nacional (DF), o Est\u00e1dio Beira Rio (RS), entre outros.O corpo da v\u00edtima foi encaminhado para o IML local.<\/p>\n","protected":false},"excerpt":{"rendered":"<p>Dono da Mascate Malhas \u00e9 encontrado morto dentro de escrit\u00f3rio e deixa bilheteCometeu suic\u00eddio na manh\u00e3 desta quarta-feira (18) em Caruaru, o empres\u00e1rio Rostand Pinheiro&hellip; <\/p>\n","protected":false},"author":1,"featured_media":117857,"comment_status":"closed","ping_status":"closed","sticky":false,"template":"","format":"standard","meta":{"sfsi_plus_gutenberg_text_before_share":"","sfsi_plus_gutenberg_show_text_before_share":"","sfsi_plus_gutenberg_icon_type":"","sfsi_plus_gutenberg_icon_alignemt":"","sfsi_plus_gutenburg_max_per_row":"","footnotes":""},"categories":[50,12],"tags":[],"class_list":["post-117855","post","type-post","status-publish","format-standard","has-post-thumbnail","hentry","category-destaque","category-policia"],"_links":{"self":[{"href":"https:\/\/www.caririemacao.com\/1\/wp-json\/wp\/v2\/posts\/117855","targetHints":{"allow":["GET"]}}],"collection":[{"href":"https:\/\/www.caririemacao.com\/1\/wp-json\/wp\/v2\/posts"}],"about":[{"href":"https:\/\/www.caririemacao.com\/1\/wp-json\/wp\/v2\/types\/post"}],"author":[{"embeddable":true,"href":"https:\/\/www.caririemacao.com\/1\/wp-json\/wp\/v2\/users\/1"}],"replies":[{"embeddable":true,"href":"https:\/\/www.caririemacao.com\/1\/wp-json\/wp\/v2\/comments?post=117855"}],"version-history":[{"count":1,"href":"https:\/\/www.caririemacao.com\/1\/wp-json\/wp\/v2\/posts\/117855\/revisions"}],"predecessor-version":[{"id":117858,"href":"https:\/\/www.caririemacao.com\/1\/wp-json\/wp\/v2\/posts\/117855\/revisions\/117858"}],"wp:featuredmedia":[{"embeddable":true,"href":"https:\/\/www.caririemacao.com\/1\/wp-json\/wp\/v2\/media\/117857"}],"wp:attachment":[{"href":"https:\/\/www.caririemacao.com\/1\/wp-json\/wp\/v2\/media?parent=117855"}],"wp:term":[{"taxonomy":"category","embeddable":true,"href":"https:\/\/www.caririemacao.com\/1\/wp-json\/wp\/v2\/categories?post=117855"},{"taxonomy":"post_tag","embeddable":true,"href":"https:\/\/www.caririemacao.com\/1\/wp-json\/wp\/v2\/tags?post=117855"}],"curies":[{"name":"wp","href":"https:\/\/api.w.org\/{rel}","templated":true}]}}