{"id":117863,"date":"2019-09-19T06:58:25","date_gmt":"2019-09-19T09:58:25","guid":{"rendered":"http:\/\/www.caririemacao.com\/1\/?p=117863"},"modified":"2019-09-19T06:58:53","modified_gmt":"2019-09-19T09:58:53","slug":"ministro-garante-conclusao-de-reparo-na-transposicao-no-eixo-leste-que-atende-o-cariri","status":"publish","type":"post","link":"https:\/\/www.caririemacao.com\/1\/2019\/09\/19\/ministro-garante-conclusao-de-reparo-na-transposicao-no-eixo-leste-que-atende-o-cariri\/","title":{"rendered":"Ministro garante conclus\u00e3o de reparo na Transposi\u00e7\u00e3o no Eixo Leste, que atende o Cariri"},"content":{"rendered":"\n<div class=\"wp-block-image\"><figure class=\"alignleft\"><img decoding=\"async\" data-src=\"https:\/\/i2.wp.com\/www.vitrinedocariri.com.br\/wp-content\/uploads\/2019\/09\/eixo-reuni%C3%A3o.jpg?zoom=2&amp;resize=330%2C247&amp;ssl=1\" alt=\"\" class=\"wp-image-53348 lazyload\" src=\"data:image\/svg+xml;base64,PHN2ZyB3aWR0aD0iMSIgaGVpZ2h0PSIxIiB4bWxucz0iaHR0cDovL3d3dy53My5vcmcvMjAwMC9zdmciPjwvc3ZnPg==\" \/><\/figure><\/div>\n\n\n\n<p>Em reuni\u00e3o com o governador Jo\u00e3o Azev\u00eado e a bancada federal paraibana, o ministro do Desenvolvimento Regional, Gustavo Canuto garantiu, nesta quarta-feira (18), a conclus\u00e3o das obras da transposi\u00e7\u00e3o do eixo leste at\u00e9 o primeiro trimestre de 2020.<\/p>\n\n\n\n<p>O encontro com tema seguran\u00e7a h\u00eddrica teve o intuito de cobrar as obras da Transposi\u00e7\u00e3o do Rio S\u00e3o Francisco no Eixo Leste, que atende o Cariri paraibano. Al\u00e9m de disso, o ministro assegurou o funcionamento do Eixo Norte.<\/p>\n\n\n\n<p>Segundo Canuto, o bombeamento da 3\u00aa esta\u00e7\u00e3o elevat\u00f3ria foi retomado e a \u00e1gua segue seu curso at\u00e9 Jati, munic\u00edpio do Cear\u00e1, para chegar na Para\u00edba. \u201cA previs\u00e3o \u00e9 que chegue em Jati at\u00e9 o final do primeiro trimestre, de l\u00e1 derive para o Cear\u00e1 e depois continue seu curso at\u00e9 Cai\u00e7ara podendo abastecer a Para\u00edba por \u2018moros\u2019 e tamb\u00e9m pelo reservat\u00f3rio Cai\u00e7aras. Esse \u00e9 nosso objetivo\u201d, disse.<\/p>\n\n\n\n<p>De acordo com o deputado federal, Efraim Filho (DEM), o Eixo Leste, que passa por reparos, deve receber um refor\u00e7o na seguran\u00e7a tanto na obra, quanto no abastecimento na regi\u00e3o de Campina Grande.<\/p>\n","protected":false},"excerpt":{"rendered":"<p>Em reuni\u00e3o com o governador Jo\u00e3o Azev\u00eado e a bancada federal paraibana, o ministro do Desenvolvimento Regional, Gustavo Canuto garantiu, nesta quarta-feira (18), a conclus\u00e3o&hellip; <\/p>\n","protected":false},"author":1,"featured_media":110361,"comment_status":"closed","ping_status":"closed","sticky":false,"template":"","format":"standard","meta":{"sfsi_plus_gutenberg_text_before_share":"","sfsi_plus_gutenberg_show_text_before_share":"","sfsi_plus_gutenberg_icon_type":"","sfsi_plus_gutenberg_icon_alignemt":"","sfsi_plus_gutenburg_max_per_row":"","footnotes":""},"categories":[11],"tags":[],"class_list":["post-117863","post","type-post","status-publish","format-standard","has-post-thumbnail","hentry","category-politica"],"_links":{"self":[{"href":"https:\/\/www.caririemacao.com\/1\/wp-json\/wp\/v2\/posts\/117863","targetHints":{"allow":["GET"]}}],"collection":[{"href":"https:\/\/www.caririemacao.com\/1\/wp-json\/wp\/v2\/posts"}],"about":[{"href":"https:\/\/www.caririemacao.com\/1\/wp-json\/wp\/v2\/types\/post"}],"author":[{"embeddable":true,"href":"https:\/\/www.caririemacao.com\/1\/wp-json\/wp\/v2\/users\/1"}],"replies":[{"embeddable":true,"href":"https:\/\/www.caririemacao.com\/1\/wp-json\/wp\/v2\/comments?post=117863"}],"version-history":[{"count":1,"href":"https:\/\/www.caririemacao.com\/1\/wp-json\/wp\/v2\/posts\/117863\/revisions"}],"predecessor-version":[{"id":117866,"href":"https:\/\/www.caririemacao.com\/1\/wp-json\/wp\/v2\/posts\/117863\/revisions\/117866"}],"wp:featuredmedia":[{"embeddable":true,"href":"https:\/\/www.caririemacao.com\/1\/wp-json\/wp\/v2\/media\/110361"}],"wp:attachment":[{"href":"https:\/\/www.caririemacao.com\/1\/wp-json\/wp\/v2\/media?parent=117863"}],"wp:term":[{"taxonomy":"category","embeddable":true,"href":"https:\/\/www.caririemacao.com\/1\/wp-json\/wp\/v2\/categories?post=117863"},{"taxonomy":"post_tag","embeddable":true,"href":"https:\/\/www.caririemacao.com\/1\/wp-json\/wp\/v2\/tags?post=117863"}],"curies":[{"name":"wp","href":"https:\/\/api.w.org\/{rel}","templated":true}]}}