{"id":117869,"date":"2019-09-19T07:03:11","date_gmt":"2019-09-19T10:03:11","guid":{"rendered":"http:\/\/www.caririemacao.com\/1\/?p=117869"},"modified":"2019-09-19T07:03:11","modified_gmt":"2019-09-19T10:03:11","slug":"bolsonaro-nao-combinou-com-a-empresa-e-a-petrobras-aumenta-a-gasolina-e-o-diesel","status":"publish","type":"post","link":"https:\/\/www.caririemacao.com\/1\/2019\/09\/19\/bolsonaro-nao-combinou-com-a-empresa-e-a-petrobras-aumenta-a-gasolina-e-o-diesel\/","title":{"rendered":"Bolsonaro n\u00e3o \u00b4combinou\u00b4 com a empresa e a Petrobras aumenta a gasolina e o diesel"},"content":{"rendered":"\n<p>(FOLHAPRESS) \u2013 Dois dias ap\u00f3s a disparada no pre\u00e7o do petr\u00f3leo provocada por ataques a instala\u00e7\u00f5es petrol\u00edferas na Ar\u00e1bia Saudita, a Petrobras anunciou a seus clientes nesta quarta (18) reajustes no pre\u00e7o da gasolina e do diesel.<\/p>\n\n\n\n<p>O pre\u00e7o de venda da gasolina nas refinarias da estatal vai subir 3,5%. J\u00e1 o pre\u00e7o do diesel ter\u00e1 alta de 4,2%. Os novos valores come\u00e7am a vigorar nesta quinta (19).<\/p>\n\n\n\n<p>O repasse \u00e0s bombas depende de pol\u00edticas comerciais de postos e distribuidoras. O valor cobrado pela Petrobras na venda de gasolina equivale a cerca de 30% do pre\u00e7o final. No caso do diesel, o valor de venda da empresa equivale a 50% do pre\u00e7o de bomba.<\/p>\n\n\n\n<p>Esta semana, o presidente Jair Bolsonaro declarou que a estatal petrol\u00edfera n\u00e3o deveria repassar imediatamente essa oscila\u00e7\u00e3o internacional nos pre\u00e7os dos combust\u00edveis para o mercado interno.<\/p>\n","protected":false},"excerpt":{"rendered":"<p>(FOLHAPRESS) \u2013 Dois dias ap\u00f3s a disparada no pre\u00e7o do petr\u00f3leo provocada por ataques a instala\u00e7\u00f5es petrol\u00edferas na Ar\u00e1bia Saudita, a Petrobras anunciou a seus&hellip; <\/p>\n","protected":false},"author":1,"featured_media":112247,"comment_status":"closed","ping_status":"closed","sticky":false,"template":"","format":"standard","meta":{"sfsi_plus_gutenberg_text_before_share":"","sfsi_plus_gutenberg_show_text_before_share":"","sfsi_plus_gutenberg_icon_type":"","sfsi_plus_gutenberg_icon_alignemt":"","sfsi_plus_gutenburg_max_per_row":"","footnotes":""},"categories":[11],"tags":[],"class_list":["post-117869","post","type-post","status-publish","format-standard","has-post-thumbnail","hentry","category-politica"],"_links":{"self":[{"href":"https:\/\/www.caririemacao.com\/1\/wp-json\/wp\/v2\/posts\/117869","targetHints":{"allow":["GET"]}}],"collection":[{"href":"https:\/\/www.caririemacao.com\/1\/wp-json\/wp\/v2\/posts"}],"about":[{"href":"https:\/\/www.caririemacao.com\/1\/wp-json\/wp\/v2\/types\/post"}],"author":[{"embeddable":true,"href":"https:\/\/www.caririemacao.com\/1\/wp-json\/wp\/v2\/users\/1"}],"replies":[{"embeddable":true,"href":"https:\/\/www.caririemacao.com\/1\/wp-json\/wp\/v2\/comments?post=117869"}],"version-history":[{"count":1,"href":"https:\/\/www.caririemacao.com\/1\/wp-json\/wp\/v2\/posts\/117869\/revisions"}],"predecessor-version":[{"id":117871,"href":"https:\/\/www.caririemacao.com\/1\/wp-json\/wp\/v2\/posts\/117869\/revisions\/117871"}],"wp:featuredmedia":[{"embeddable":true,"href":"https:\/\/www.caririemacao.com\/1\/wp-json\/wp\/v2\/media\/112247"}],"wp:attachment":[{"href":"https:\/\/www.caririemacao.com\/1\/wp-json\/wp\/v2\/media?parent=117869"}],"wp:term":[{"taxonomy":"category","embeddable":true,"href":"https:\/\/www.caririemacao.com\/1\/wp-json\/wp\/v2\/categories?post=117869"},{"taxonomy":"post_tag","embeddable":true,"href":"https:\/\/www.caririemacao.com\/1\/wp-json\/wp\/v2\/tags?post=117869"}],"curies":[{"name":"wp","href":"https:\/\/api.w.org\/{rel}","templated":true}]}}