{"id":117878,"date":"2019-09-19T09:43:16","date_gmt":"2019-09-19T12:43:16","guid":{"rendered":"http:\/\/www.caririemacao.com\/1\/?p=117878"},"modified":"2019-09-19T09:43:16","modified_gmt":"2019-09-19T12:43:16","slug":"goleiro-paraibano-do-athletico-pr-comemora-vitoria-na-copa-do-brasil","status":"publish","type":"post","link":"https:\/\/www.caririemacao.com\/1\/2019\/09\/19\/goleiro-paraibano-do-athletico-pr-comemora-vitoria-na-copa-do-brasil\/","title":{"rendered":"Goleiro paraibano do Athletico-PR comemora vit\u00f3ria na Copa do Brasil"},"content":{"rendered":"\n<p>Com o goleiro paraibano Santos, o Athletico-PR conquistou na quarta-feira (18) sua primeira Copa do Brasil ap\u00f3s vencer por 2&#215;1 o Internacional, no est\u00e1dio Beira-Rio, com gols de L\u00e9o Cittadini e Roni.<\/p>\n\n\n\n<p>O Athletico-PR se tornou o 12\u00ba clube a conquistar a Copa do Brasil. \u00c9 a primeira vez que uma equipe paranaense leva o t\u00edtulo. O time j\u00e1 era campe\u00e3o brasileiro e campe\u00e3o da Copa Sul-Americana. Com a vit\u00f3ria, al\u00e9m de garantir vaga na Libertadores 2020, na primeira edi\u00e7\u00e3o da Supercopa do Brasil, o Athletico-PR tamb\u00e9m ganhou R$ 52 milh\u00f5es.<\/p>\n\n\n\n<p>O paraibano Santos teve grande destaque na temporada e chegou a defender p\u00eanaltis nas partidas contra o Gr\u00eamio e o Flamengo, garantindo a vit\u00f3ria para o Athletico-PR. \u201cMuitos n\u00e3o acreditavam, mas n\u00f3s sabemos a for\u00e7a que o nosso grupo tem. T\u00e1 a\u00ed a prova de que nosso grupo tem potencial. Agora \u00e9 comemorar porque merecemos\u201d, disse ele em entrevista ap\u00f3s a vit\u00f3ria.<\/p>\n\n\n\n<p>Nascido em Campina Grande e criado em Cabaceiras, Santos j\u00e1 fez 150 jogos pelo clube paranaense, que ainda tem outro paraibano no elenco, o guarabirense M\u00e1rcio Azevedo, que n\u00e3o foi escalado para a final desta quarta.<\/p>\n","protected":false},"excerpt":{"rendered":"<p>Com o goleiro paraibano Santos, o Athletico-PR conquistou na quarta-feira (18) sua primeira Copa do Brasil ap\u00f3s vencer por 2&#215;1 o Internacional, no est\u00e1dio Beira-Rio,&hellip; <\/p>\n","protected":false},"author":1,"featured_media":117880,"comment_status":"closed","ping_status":"closed","sticky":false,"template":"","format":"standard","meta":{"sfsi_plus_gutenberg_text_before_share":"","sfsi_plus_gutenberg_show_text_before_share":"","sfsi_plus_gutenberg_icon_type":"","sfsi_plus_gutenberg_icon_alignemt":"","sfsi_plus_gutenburg_max_per_row":"","footnotes":""},"categories":[13],"tags":[],"class_list":["post-117878","post","type-post","status-publish","format-standard","has-post-thumbnail","hentry","category-esportes"],"_links":{"self":[{"href":"https:\/\/www.caririemacao.com\/1\/wp-json\/wp\/v2\/posts\/117878","targetHints":{"allow":["GET"]}}],"collection":[{"href":"https:\/\/www.caririemacao.com\/1\/wp-json\/wp\/v2\/posts"}],"about":[{"href":"https:\/\/www.caririemacao.com\/1\/wp-json\/wp\/v2\/types\/post"}],"author":[{"embeddable":true,"href":"https:\/\/www.caririemacao.com\/1\/wp-json\/wp\/v2\/users\/1"}],"replies":[{"embeddable":true,"href":"https:\/\/www.caririemacao.com\/1\/wp-json\/wp\/v2\/comments?post=117878"}],"version-history":[{"count":1,"href":"https:\/\/www.caririemacao.com\/1\/wp-json\/wp\/v2\/posts\/117878\/revisions"}],"predecessor-version":[{"id":117881,"href":"https:\/\/www.caririemacao.com\/1\/wp-json\/wp\/v2\/posts\/117878\/revisions\/117881"}],"wp:featuredmedia":[{"embeddable":true,"href":"https:\/\/www.caririemacao.com\/1\/wp-json\/wp\/v2\/media\/117880"}],"wp:attachment":[{"href":"https:\/\/www.caririemacao.com\/1\/wp-json\/wp\/v2\/media?parent=117878"}],"wp:term":[{"taxonomy":"category","embeddable":true,"href":"https:\/\/www.caririemacao.com\/1\/wp-json\/wp\/v2\/categories?post=117878"},{"taxonomy":"post_tag","embeddable":true,"href":"https:\/\/www.caririemacao.com\/1\/wp-json\/wp\/v2\/tags?post=117878"}],"curies":[{"name":"wp","href":"https:\/\/api.w.org\/{rel}","templated":true}]}}