{"id":117886,"date":"2019-09-19T09:44:58","date_gmt":"2019-09-19T12:44:58","guid":{"rendered":"http:\/\/www.caririemacao.com\/1\/?p=117886"},"modified":"2019-09-19T09:44:58","modified_gmt":"2019-09-19T12:44:58","slug":"comeca-hoje-pagamento-do-pis-pasep-para-nascidos-em-setembro","status":"publish","type":"post","link":"https:\/\/www.caririemacao.com\/1\/2019\/09\/19\/comeca-hoje-pagamento-do-pis-pasep-para-nascidos-em-setembro\/","title":{"rendered":"Come\u00e7a hoje pagamento do PIS\/Pasep para nascidos em setembro"},"content":{"rendered":"\n<p>\u00a0O Caixa paga nesta quinta-feira (19) o abono salarial do Programa de Integra\u00e7\u00e3o Social (PIS) para os trabalhadores nascidos em setembro com direito ao benef\u00edcio. Para quem tem conta no banco, o dep\u00f3sito foi feito automaticamente na ter\u00e7a-feira (17).<\/p>\n\n\n\n<p>No caso dos servidores p\u00fablicos, o pagamento do abono salarial do Programa de Forma\u00e7\u00e3o do Patrim\u00f4nio do Servidor P\u00fablico (Pasep) \u00e9 feito pelo Banco do Brasil (BB). Receber o benef\u00edcio este m\u00eas os cadastrados com final de inscri\u00e7\u00e3o 2.<\/p>\n\n\n\n<p>Tem direito ao abono as pessoas cadastradas no PIS\/Pasep h\u00e1, pelo menos, cinco anos e ter trabalhado com carteira assinada em 2018 por, no m\u00ednimo, 30 dias, com remunera\u00e7\u00e3o salarial at\u00e9 dois sal\u00e1rios m\u00ednimos, em m\u00e9dia.<\/p>\n\n\n\n<p>\u00c9 preciso, tamb\u00e9m, que o empregador tenha informado corretamente os dados do trabalhador na Rela\u00e7\u00e3o Anual de Informa\u00e7\u00f5es Sociais (Rais) de 2018, entregue ao governo federal.<\/p>\n\n\n\n<p>O Abono Salarial estar\u00e1 dispon\u00edvel para saque at\u00e9 30 de junho de 2020.<\/p>\n","protected":false},"excerpt":{"rendered":"<p>\u00a0O Caixa paga nesta quinta-feira (19) o abono salarial do Programa de Integra\u00e7\u00e3o Social (PIS) para os trabalhadores nascidos em setembro com direito ao benef\u00edcio.&hellip; <\/p>\n","protected":false},"author":1,"featured_media":109867,"comment_status":"closed","ping_status":"closed","sticky":false,"template":"","format":"standard","meta":{"sfsi_plus_gutenberg_text_before_share":"","sfsi_plus_gutenberg_show_text_before_share":"","sfsi_plus_gutenberg_icon_type":"","sfsi_plus_gutenberg_icon_alignemt":"","sfsi_plus_gutenburg_max_per_row":"","footnotes":""},"categories":[2],"tags":[],"class_list":["post-117886","post","type-post","status-publish","format-standard","has-post-thumbnail","hentry","category-geral"],"_links":{"self":[{"href":"https:\/\/www.caririemacao.com\/1\/wp-json\/wp\/v2\/posts\/117886","targetHints":{"allow":["GET"]}}],"collection":[{"href":"https:\/\/www.caririemacao.com\/1\/wp-json\/wp\/v2\/posts"}],"about":[{"href":"https:\/\/www.caririemacao.com\/1\/wp-json\/wp\/v2\/types\/post"}],"author":[{"embeddable":true,"href":"https:\/\/www.caririemacao.com\/1\/wp-json\/wp\/v2\/users\/1"}],"replies":[{"embeddable":true,"href":"https:\/\/www.caririemacao.com\/1\/wp-json\/wp\/v2\/comments?post=117886"}],"version-history":[{"count":1,"href":"https:\/\/www.caririemacao.com\/1\/wp-json\/wp\/v2\/posts\/117886\/revisions"}],"predecessor-version":[{"id":117890,"href":"https:\/\/www.caririemacao.com\/1\/wp-json\/wp\/v2\/posts\/117886\/revisions\/117890"}],"wp:featuredmedia":[{"embeddable":true,"href":"https:\/\/www.caririemacao.com\/1\/wp-json\/wp\/v2\/media\/109867"}],"wp:attachment":[{"href":"https:\/\/www.caririemacao.com\/1\/wp-json\/wp\/v2\/media?parent=117886"}],"wp:term":[{"taxonomy":"category","embeddable":true,"href":"https:\/\/www.caririemacao.com\/1\/wp-json\/wp\/v2\/categories?post=117886"},{"taxonomy":"post_tag","embeddable":true,"href":"https:\/\/www.caririemacao.com\/1\/wp-json\/wp\/v2\/tags?post=117886"}],"curies":[{"name":"wp","href":"https:\/\/api.w.org\/{rel}","templated":true}]}}