{"id":117938,"date":"2019-09-19T10:08:58","date_gmt":"2019-09-19T13:08:58","guid":{"rendered":"http:\/\/www.caririemacao.com\/1\/?p=117938"},"modified":"2019-09-19T10:08:58","modified_gmt":"2019-09-19T13:08:58","slug":"valor-da-producao-florestal-no-brasil-atinge-r-206-bilhoes","status":"publish","type":"post","link":"https:\/\/www.caririemacao.com\/1\/2019\/09\/19\/valor-da-producao-florestal-no-brasil-atinge-r-206-bilhoes\/","title":{"rendered":"Valor da produ\u00e7\u00e3o florestal no Brasil atinge R$ 20,6 bilh\u00f5es"},"content":{"rendered":"\n<p>O valor da produ\u00e7\u00e3o florestal registrada por 4.897 munic\u00edpios brasileiros em 2018 alcan\u00e7ou R$ 20,6 bilh\u00f5es, aumento de 8% na compara\u00e7\u00e3o com o ano anterior.<\/p>\n\n\n\n<p>Desse total, o maior valor de produ\u00e7\u00e3o foi identificado na silvicultura (R$ 16,3 bilh\u00f5es), que responde por 79,3% do total, com expans\u00e3o de 11,1% em rela\u00e7\u00e3o a 2017, enquanto a extra\u00e7\u00e3o vegetal apresentou valor de produ\u00e7\u00e3o de R$ 4,3 bilh\u00f5es, com retra\u00e7\u00e3o de 2,7% na mesma compara\u00e7\u00e3o.<\/p>\n\n\n\n<p>Segundo o Instituto Brasileiro de Geografia e Estat\u00edstica \u2013 IBGE -, o valor de produ\u00e7\u00e3o \u00e9 a mesma coisa que valor bruto de produ\u00e7\u00e3o, obtido por meio da multiplica\u00e7\u00e3o do pre\u00e7o livre de fretes e impostos pelo total produzido.<\/p>\n\n\n\n<p>Os dados constam da pesquisa Produ\u00e7\u00e3o da Extra\u00e7\u00e3o Vegetal e da Silvicultura 2018 (PEVS), divulgada pelo IBGE.<\/p>\n\n\n\n<p>A sondagem revela que o n\u00famero de munic\u00edpios que responderam pelo valor da produ\u00e7\u00e3o florestal no ano passado foi ampliado em 60 cidades em compara\u00e7\u00e3o a 2017, informou \u00e0&nbsp;<strong>Ag\u00eancia Brasil<\/strong>&nbsp;o gerente da pesquisa, engenheiro agr\u00f4nomo Win\u00edcius Wagner.<\/p>\n\n\n\n<p>Ele explicou que o valor bruto de produ\u00e7\u00e3o florestal ficou R$ 1,515 bilh\u00e3o acima do apurado em 2017, consolidando o terceiro ano consecutivo de crescimento nominal do valor de produ\u00e7\u00e3o do setor.<\/p>\n\n\n\n<p>Em 2016, o aumento foi de 0,9% e, em 2017, de 2,8%. Wagner disse que a maior participa\u00e7\u00e3o no valor de produ\u00e7\u00e3o tem origem no grupo de produtos madeireiros da floresta, atingindo 90,2%. \u201cSomente o valor de produ\u00e7\u00e3o desse grupo de madeireiros foi 8,5% maior que em 2017\u201d, observou.<\/p>\n\n\n\n<p>O analista do IBGE informou que a queda de 2,7% no valor da produ\u00e7\u00e3o da extra\u00e7\u00e3o vegetal em 2018 constitui a terceira retra\u00e7\u00e3o consecutiva no setor e foi motivada, principalmente, pelo desempenho dos produtos madeireiros, que respondem por 62% do valor de produ\u00e7\u00e3o florestal do extrativismo e apresentaram, no seu conjunto, queda de 5,2% em 2018 no valor de produ\u00e7\u00e3o.<\/p>\n\n\n\n<p>\u201cPor eles terem um peso muito grande na lista dos produtos da extra\u00e7\u00e3o, essa queda de 5,2% do valor de produ\u00e7\u00e3o desses produtos madeireiros influenciou diretamente o total da extra\u00e7\u00e3o vegetal no ano de 2018\u201d, explicou.<\/p>\n\n\n\n<h2 class=\"wp-block-heading\">Maior peso<\/h2>\n\n\n\n<p>Win\u00edcius Wagner destacou, ainda, que o produto carv\u00e3o vegetal da silvicultura teve o maior peso no crescimento do valor de produ\u00e7\u00e3o florestal. \u201cFoi o produto que teve maior influ\u00eancia nesse aumento. Isso por conta da recupera\u00e7\u00e3o em 2017 e 2018 do desempenho da ind\u00fastria sider\u00fargica, que \u00e9 o maior mercado consumidor desses produtos, utilizados para consumo energ\u00e9tico dessas ind\u00fastrias\u201d, afirmou.<\/p>\n\n\n\n<p>O valor da produ\u00e7\u00e3o do carv\u00e3o vegetal da silvicultura foi R$ 4,1 bilh\u00f5es em 2018, crescimento de 50,5% na compara\u00e7\u00e3o com 2017. O carv\u00e3o vegetal experimentou expans\u00e3o da produ\u00e7\u00e3o anual de 18,9%.<\/p>\n\n\n\n<p>Wagner afirmou que, com o incremento da demanda pelo setor sider\u00fargico, \u201ca gente percebeu um significativo aumento, o que se refletiu tamb\u00e9m no pre\u00e7o m\u00e9dio praticado no mercado. Em consequ\u00eancia, houve maior incentivo ao produtor\u201d.<\/p>\n\n\n\n<p>O estado de Minas Gerais concentrou 84,1% da produ\u00e7\u00e3o nacional de carv\u00e3o vegetal da silvicultura e mostrou o maior valor de produ\u00e7\u00e3o da silvicultura (R$ 4,6 bilh\u00f5es), aumento de 45,7%.<\/p>\n\n\n\n<p>O gerente da pesquisa informou que Minas Gerais passou a liderar tamb\u00e9m em termos de valor da produ\u00e7\u00e3o florestal, que engloba silvicultura e extra\u00e7\u00e3o vegetal, com R$ 4,7 bilh\u00f5es, incremento de 44,8% no valor de produ\u00e7\u00e3o, o que representa 22,8% do total nacional, ultrapassando o Paran\u00e1, que liderava at\u00e9 ent\u00e3o. Em 2018, o Paran\u00e1 passou para a segunda posi\u00e7\u00e3o, com R$ 3,6 bilh\u00f5es.<\/p>\n\n\n\n<p>A an\u00e1lise por munic\u00edpios revela que Tel\u00eamaco Borba, no Paran\u00e1, apresentou em 2018 o maior valor de produ\u00e7\u00e3o florestal (R$ 326,9 milh\u00f5es), desbancando Tr\u00eas Lagoas (MS) e assumindo a lideran\u00e7a no ranking nacional. Na terceira posi\u00e7\u00e3o, figura Jo\u00e3o Pinheiro (MG).<\/p>\n\n\n\n<h2 class=\"wp-block-heading\">Florestas plantadas crescem 1,3%<\/h2>\n\n\n\n<p>Do total de 9,9 milh\u00f5es de hectares plantados em 2018 em 3.488 munic\u00edpios, houve aumento de 1,3% na \u00e1rea de florestas plantadas, o que significa 131,8 mil hectares a mais.<\/p>\n\n\n\n<p>Cerca de 70,2% dessas \u00e1reas se concentraram nas regi\u00f5es Sudeste e Sul do Brasil, sendo que o eucalipto tem participa\u00e7\u00e3o de 76,2% na \u00e1rea de florestas plantadas, com 7,5 milh\u00f5es de hectares, e o pinus tem 2 milh\u00f5es de hectares.<\/p>\n\n\n\n<p>Juntos, os dois produtos totalizam 96,3% da cobertura brasileira. Win\u00edcius Wagner destacou que, no Sul brasileiro, o pinus predomina, enquanto o eucalipto \u00e9 encontrado em todo o Brasil.<\/p>\n\n\n\n<p>O grupo de produtos da silvicultura elevou no ano passado sua participa\u00e7\u00e3o no valor da produ\u00e7\u00e3o prim\u00e1ria florestal para 79,3%.<\/p>\n\n\n\n<p>Segundo a pesquisa, nas duas \u00faltimas d\u00e9cadas tem se percebido um movimento forte de substitui\u00e7\u00e3o de produtos florestais madeireiros do extrativismo pela silvicultura, pressionado pelo mercado produtor, por pol\u00edticas setoriais, acordos internacionais e pela pr\u00f3pria adequa\u00e7\u00e3o do mercado \u00e0 legisla\u00e7\u00e3o vigente, que tem pressionado esse fluxo de substitui\u00e7\u00e3o da extra\u00e7\u00e3o pela silvicultura.<\/p>\n\n\n\n<h2 class=\"wp-block-heading\">Pinus e eucalipto<\/h2>\n\n\n\n<p>De acordo com o IBGE, a Regi\u00e3o Sul concentra a maior \u00e1rea de florestas plantadas do Brasil (3.485 hectares ou 35,2%), com predom\u00ednio do pinus, enquanto no Sudeste, com 3.458 hectares, correspondentes a 34,9% do total nacional, o eucalipto lidera o plantio.<\/p>\n\n\n\n<p>Minas continua com a maior \u00e1rea plantada (mais de 2 milh\u00f5es de hectares), mostrando aumento de 3,3% em 2018; o Paran\u00e1 ocupa a segunda posi\u00e7\u00e3o em termos de florestas plantadas: 1,5 milh\u00e3o de hectares, dos quais 53,4% se destinam ao desenvolvimento de pinus.<\/p>\n\n\n\n<p>\u201cA gente observa que em Mato Grosso do Sul o setor de silvicultura tem se desenvolvido muito nos \u00faltimos anos e, entre os dez munic\u00edpios com maior \u00e1rea de florestas plantadas do pa\u00eds, cinco est\u00e3o localizadas no Mato Grosso do Sul\u201d disse o pesquisador.<\/p>\n\n\n\n<p>Ele afirmou, tamb\u00e9m, que esse estudo de 2018, o estado j\u00e1 aparece na terceira coloca\u00e7\u00e3o do ranking de maior \u00e1rea de floresta plantada, com 1,133 milh\u00e3o de hectares.<\/p>\n\n\n\n<h2 class=\"wp-block-heading\">Destaques<\/h2>\n\n\n\n<p>Os principais produtos da extra\u00e7\u00e3o vegetal s\u00e3o madeira em tora, com maior valor de produ\u00e7\u00e3o do grupo (R$ 2.785,4 milh\u00f5es) e redu\u00e7\u00e3o de 4,9% na produ\u00e7\u00e3o, total de 11,6 milh\u00f5es de metros c\u00fabicos no ano pesquisado. O analista do IBGE salientou que, pela primeira vez, Mato Grosso do Sul respondeu pelo maior volume de madeira em tora do pa\u00eds, sendo que esse produto tem o maior peso no valor de produ\u00e7\u00e3o florestal dentre os produtos da pesquisa.<\/p>\n\n\n\n<p>O carv\u00e3o vegetal extrativo tamb\u00e9m teve destaque, porque apresentou a maior retra\u00e7\u00e3o entre os produtos da extra\u00e7\u00e3o vegetal (-21,6% no volume de produ\u00e7\u00e3o), com 338,3 mil toneladas no ano. Wagner justificou a queda como resultado da substitui\u00e7\u00e3o desses produtos por produtos da silvicultura.<\/p>\n\n\n\n<p>Em contrapartida, observa-se que os produtos extrativos n\u00e3o madeireiros registraram crescimento de 1,8% no valor de produ\u00e7\u00e3o, atingindo R$ 1,6 bilh\u00e3o. J\u00e1 o grupo de produtos aliment\u00edcios, considerado o maior entre os produtos n\u00e3o madeireiros, novamente apresentou valor de produ\u00e7\u00e3o crescente (4,1%), somando R$ 1,3 bilh\u00e3o, em 2018.<\/p>\n\n\n\n<p>No grupo de produtos aliment\u00edcios n\u00e3o madeireiros da extra\u00e7\u00e3o, o a\u00e7a\u00ed tem o maior valor de produ\u00e7\u00e3o e registrou volume de 222 mil toneladas produzidas, 0,9% acima do obtido em 2017. Isso representou expans\u00e3o de 2,5% no valor de produ\u00e7\u00e3o (R$ 592 milh\u00f5es.<\/p>\n\n\n\n<p>O a\u00e7a\u00ed participa com 46,3% no valor de produ\u00e7\u00e3o dos produtos aliment\u00edcios. O pesquisador chamou a aten\u00e7\u00e3o para a participa\u00e7\u00e3o do a\u00e7a\u00ed extrativo dentro do total da produ\u00e7\u00e3o nacional de a\u00e7a\u00ed, equivalente a 12,8%.<\/p>\n\n\n\n<h2 class=\"wp-block-heading\">Produ\u00e7\u00e3o de a\u00e7a\u00ed aumenta 4,1%<\/h2>\n\n\n\n<p>O Par\u00e1 foi o maior produtor nacional de a\u00e7a\u00ed, respondendo por 147,7 mil toneladas, volume 4,1% maior que o registrado em 2017. Na lista dos dez munic\u00edpios que apresentaram os maiores volumes de produ\u00e7\u00e3o em 2018, oito s\u00e3o do Par\u00e1, liderados por Limoeiro do Ajuru, que respondeu por 18,5% do total nacional de a\u00e7a\u00ed extrativo, com produ\u00e7\u00e3o de 41 mil toneladas.<\/p>\n\n\n\n<p>O segundo maior valor de produ\u00e7\u00e3o entre os produtos n\u00e3o madeireiros, com R$ 468,4 milh\u00f5es, revelando queda de 0,8% em rela\u00e7\u00e3o ao ano anterior, foi a erva-mate, concentrada na Regi\u00e3o Sul do pa\u00eds. A produ\u00e7\u00e3o somou 393 mil toneladas, aumento de 2,4% sobre 2017.<\/p>\n\n\n\n<figure class=\"wp-block-image\"><img decoding=\"async\" data-src=\"http:\/\/imagens.ebc.com.br\/i0c85I_Eh5vY5g2kbucw_MI6IqI=\/754x0\/smart\/http:\/\/agenciabrasil.ebc.com.br\/sites\/default\/files\/atoms\/image\/acaizeiro_embrapa_giorgio_venturieri.jpg?itok=kChuRg5n\" alt=\"O a\u00e7a\u00ed foi o produto da extra\u00e7\u00e3o vegetal n\u00e3o madeireira brasileira com maior valor de produ\u00e7\u00e3o no ano passado\" src=\"data:image\/svg+xml;base64,PHN2ZyB3aWR0aD0iMSIgaGVpZ2h0PSIxIiB4bWxucz0iaHR0cDovL3d3dy53My5vcmcvMjAwMC9zdmciPjwvc3ZnPg==\" class=\"lazyload\" \/><\/figure>\n\n\n\n<p>Produ\u00e7\u00e3o de a\u00e7a\u00ed cresceu 4,1% no Par\u00e1, com 147 mil toneladas &nbsp;&nbsp;&nbsp;<strong>(Arquivo\/<\/strong><strong>Giorgio Venturieri\/Embrapa)<\/strong><\/p>\n\n\n\n<p>O maior aumento no valor de produ\u00e7\u00e3o dos principais produtos n\u00e3o madeireiros do extrativismo, da ordem de 35,4%, foi encontrado na castanha do Par\u00e1, com valor de produ\u00e7\u00e3o de R$ 130,9 milh\u00f5es. O maior volume produzido, de 4 mil toneladas, foi registrado no munic\u00edpio de Humait\u00e1 (AM).<\/p>\n\n\n\n<p>A castanha do Par\u00e1 teve produ\u00e7\u00e3o no ano passado de 34.170 toneladas, expans\u00e3o de 46,3%. A safra de castanha do Par\u00e1 voltou a crescer, depois de dois anos seguidos de redu\u00e7\u00e3o. \u201cE, com a volta da demanda, os pre\u00e7os ficaram mais atrativos para o consumidor\u201d.<\/p>\n\n\n\n<p>A pesquisa do IBGE mostra ainda que a varia\u00e7\u00e3o anual do valor de produ\u00e7\u00e3o dos principais produtos n\u00e3o madeireiros do extrativismo foi declinante para pequi (fruto), com -13%; carna\u00faba em p\u00f3 (-3,9%); baba\u00e7u (am\u00eandoa), com -3,8%, e erva-mate (-0,8%). Em contrapartida, tiveram o valor de produ\u00e7\u00e3o ampliado a castanha do Par\u00e1 (+35,4%); pinh\u00e3o (semente,+7,6%) e a\u00e7a\u00ed (+2,5%).<\/p>\n","protected":false},"excerpt":{"rendered":"<p>O valor da produ\u00e7\u00e3o florestal registrada por 4.897 munic\u00edpios brasileiros em 2018 alcan\u00e7ou R$ 20,6 bilh\u00f5es, aumento de 8% na compara\u00e7\u00e3o com o ano anterior.&hellip; <\/p>\n","protected":false},"author":1,"featured_media":112140,"comment_status":"closed","ping_status":"closed","sticky":false,"template":"","format":"standard","meta":{"sfsi_plus_gutenberg_text_before_share":"","sfsi_plus_gutenberg_show_text_before_share":"","sfsi_plus_gutenberg_icon_type":"","sfsi_plus_gutenberg_icon_alignemt":"","sfsi_plus_gutenburg_max_per_row":"","footnotes":""},"categories":[2],"tags":[],"class_list":["post-117938","post","type-post","status-publish","format-standard","has-post-thumbnail","hentry","category-geral"],"_links":{"self":[{"href":"https:\/\/www.caririemacao.com\/1\/wp-json\/wp\/v2\/posts\/117938","targetHints":{"allow":["GET"]}}],"collection":[{"href":"https:\/\/www.caririemacao.com\/1\/wp-json\/wp\/v2\/posts"}],"about":[{"href":"https:\/\/www.caririemacao.com\/1\/wp-json\/wp\/v2\/types\/post"}],"author":[{"embeddable":true,"href":"https:\/\/www.caririemacao.com\/1\/wp-json\/wp\/v2\/users\/1"}],"replies":[{"embeddable":true,"href":"https:\/\/www.caririemacao.com\/1\/wp-json\/wp\/v2\/comments?post=117938"}],"version-history":[{"count":1,"href":"https:\/\/www.caririemacao.com\/1\/wp-json\/wp\/v2\/posts\/117938\/revisions"}],"predecessor-version":[{"id":117940,"href":"https:\/\/www.caririemacao.com\/1\/wp-json\/wp\/v2\/posts\/117938\/revisions\/117940"}],"wp:featuredmedia":[{"embeddable":true,"href":"https:\/\/www.caririemacao.com\/1\/wp-json\/wp\/v2\/media\/112140"}],"wp:attachment":[{"href":"https:\/\/www.caririemacao.com\/1\/wp-json\/wp\/v2\/media?parent=117938"}],"wp:term":[{"taxonomy":"category","embeddable":true,"href":"https:\/\/www.caririemacao.com\/1\/wp-json\/wp\/v2\/categories?post=117938"},{"taxonomy":"post_tag","embeddable":true,"href":"https:\/\/www.caririemacao.com\/1\/wp-json\/wp\/v2\/tags?post=117938"}],"curies":[{"name":"wp","href":"https:\/\/api.w.org\/{rel}","templated":true}]}}