{"id":117947,"date":"2019-09-19T10:11:09","date_gmt":"2019-09-19T13:11:09","guid":{"rendered":"http:\/\/www.caririemacao.com\/1\/?p=117947"},"modified":"2019-09-19T10:11:09","modified_gmt":"2019-09-19T13:11:09","slug":"pf-destroi-3-mil-toneladas-de-maconha-de-plantacoes-no-paraguai","status":"publish","type":"post","link":"https:\/\/www.caririemacao.com\/1\/2019\/09\/19\/pf-destroi-3-mil-toneladas-de-maconha-de-plantacoes-no-paraguai\/","title":{"rendered":"PF destr\u00f3i 3 mil toneladas de maconha de planta\u00e7\u00f5es no Paraguai"},"content":{"rendered":"\n<p>A 3\u00aa fase da Opera\u00e7\u00e3o Nova Alian\u00e7a, que tem como objetivo a erradica\u00e7\u00e3o de planta\u00e7\u00f5es de maconha no Paraguai, foi conclu\u00edda esta semana e resultou na destrui\u00e7\u00e3o de 3 mil toneladas da droga. A quantidade deste ano ultrapassa o volume destru\u00eddo em 2017 e 2018.<\/p>\n\n\n\n<p>As a\u00e7\u00f5es de combate \u00e0s planta\u00e7\u00f5es de maconha no pa\u00eds vizinho envolveram, conjuntamente, os agentes da Pol\u00edcia Federal (PF) e da Secretaria Nacional Anti Drogas do Paraguai. De acordo com a PF, esse tipo de trabalho \u00e9 eficaz e reduz custos.<\/p>\n\n\n\n<figure class=\"wp-block-image\"><img decoding=\"async\" data-src=\"http:\/\/imagens.ebc.com.br\/fF7OR0Hq9kwnKdqknomMSsUK1O8=\/754x0\/smart\/http:\/\/agenciabrasil.ebc.com.br\/sites\/default\/files\/thumbnails\/image\/maconha_pf.jpeg?itok=q5XLXVzb\" alt=\"A quantidade de maconha destru\u00edda este ano ultrapassa o volume de 2017 e 2018\" src=\"data:image\/svg+xml;base64,PHN2ZyB3aWR0aD0iMSIgaGVpZ2h0PSIxIiB4bWxucz0iaHR0cDovL3d3dy53My5vcmcvMjAwMC9zdmciPjwvc3ZnPg==\" class=\"lazyload\" \/><\/figure>\n\n\n\n<p>A quantidade de maconha destru\u00edda este ano ultrapassa o volume de 2017 e 2018 &#8211;&nbsp;<strong>Divulga\u00e7\u00e3o Pol\u00edcia Federal<\/strong><\/p>\n\n\n\n<p>\u201cA estrat\u00e9gia de atacar a produ\u00e7\u00e3o da droga, antes de que ela chegue ao mercado brasileiro, traz grande economia ao pa\u00eds, pois milh\u00f5es de reais deixam de ser gastos em repress\u00e3o ao tr\u00e1fico interno, em pris\u00f5es e processos judiciais, que se tornam menos comuns, uma vez que a quantidade de maconha que circula no pa\u00eds cai drasticamente\u201d.<\/p>\n","protected":false},"excerpt":{"rendered":"<p>A 3\u00aa fase da Opera\u00e7\u00e3o Nova Alian\u00e7a, que tem como objetivo a erradica\u00e7\u00e3o de planta\u00e7\u00f5es de maconha no Paraguai, foi conclu\u00edda esta semana e resultou&hellip; <\/p>\n","protected":false},"author":1,"featured_media":51851,"comment_status":"closed","ping_status":"closed","sticky":false,"template":"","format":"standard","meta":{"sfsi_plus_gutenberg_text_before_share":"","sfsi_plus_gutenberg_show_text_before_share":"","sfsi_plus_gutenberg_icon_type":"","sfsi_plus_gutenberg_icon_alignemt":"","sfsi_plus_gutenburg_max_per_row":"","footnotes":""},"categories":[12],"tags":[],"class_list":["post-117947","post","type-post","status-publish","format-standard","has-post-thumbnail","hentry","category-policia"],"_links":{"self":[{"href":"https:\/\/www.caririemacao.com\/1\/wp-json\/wp\/v2\/posts\/117947","targetHints":{"allow":["GET"]}}],"collection":[{"href":"https:\/\/www.caririemacao.com\/1\/wp-json\/wp\/v2\/posts"}],"about":[{"href":"https:\/\/www.caririemacao.com\/1\/wp-json\/wp\/v2\/types\/post"}],"author":[{"embeddable":true,"href":"https:\/\/www.caririemacao.com\/1\/wp-json\/wp\/v2\/users\/1"}],"replies":[{"embeddable":true,"href":"https:\/\/www.caririemacao.com\/1\/wp-json\/wp\/v2\/comments?post=117947"}],"version-history":[{"count":1,"href":"https:\/\/www.caririemacao.com\/1\/wp-json\/wp\/v2\/posts\/117947\/revisions"}],"predecessor-version":[{"id":117949,"href":"https:\/\/www.caririemacao.com\/1\/wp-json\/wp\/v2\/posts\/117947\/revisions\/117949"}],"wp:featuredmedia":[{"embeddable":true,"href":"https:\/\/www.caririemacao.com\/1\/wp-json\/wp\/v2\/media\/51851"}],"wp:attachment":[{"href":"https:\/\/www.caririemacao.com\/1\/wp-json\/wp\/v2\/media?parent=117947"}],"wp:term":[{"taxonomy":"category","embeddable":true,"href":"https:\/\/www.caririemacao.com\/1\/wp-json\/wp\/v2\/categories?post=117947"},{"taxonomy":"post_tag","embeddable":true,"href":"https:\/\/www.caririemacao.com\/1\/wp-json\/wp\/v2\/tags?post=117947"}],"curies":[{"name":"wp","href":"https:\/\/api.w.org\/{rel}","templated":true}]}}