{"id":117958,"date":"2019-09-19T10:49:39","date_gmt":"2019-09-19T13:49:39","guid":{"rendered":"http:\/\/www.caririemacao.com\/1\/?p=117958"},"modified":"2019-09-19T10:49:39","modified_gmt":"2019-09-19T13:49:39","slug":"caso-aline-policia-tem-acesso-a-video-que-mostra-jovem-sendo-seguida-antes-de-desaparecer","status":"publish","type":"post","link":"https:\/\/www.caririemacao.com\/1\/2019\/09\/19\/caso-aline-policia-tem-acesso-a-video-que-mostra-jovem-sendo-seguida-antes-de-desaparecer\/","title":{"rendered":"Caso Aline: Pol\u00edcia tem acesso a v\u00eddeo que mostra jovem sendo seguida antes de desaparecer"},"content":{"rendered":"\n<p>&nbsp;pol\u00edcia teve acesso a novas imagens que mostram a jovem Aline Dantas, de 19 anos, sendo seguida momentos antes de desaparecer, em Alum\u00ednio (SP). O corpo da jovem foi&nbsp;<a href=\"https:\/\/www.clickpb.com.br\/Policial\/corpo-de-paraibana-e-encontrado-carbonizado-em-mata-na-cidade-de-sao-paulo-267660.html\">encontrado tr\u00eas dias depois<\/a>&nbsp;em uma \u00e1rea de mata, parcialmente queimado.<\/p>\n\n\n\n<p>As imagens obtidas com exclusividade pela TV TEM foram registradas por uma c\u00e2mera de seguran\u00e7a.&nbsp;<\/p>\n\n\n\n<figure><iframe data-src=\"https:\/\/www.youtube.com\/embed\/SFCmHDXhjs0\" allowfullscreen=\"\" src=\"data:image\/svg+xml;base64,PHN2ZyB3aWR0aD0iMSIgaGVpZ2h0PSIxIiB4bWxucz0iaHR0cDovL3d3dy53My5vcmcvMjAwMC9zdmciPjwvc3ZnPg==\" class=\"lazyload\" data-load-mode=\"1\"><\/iframe><\/figure>\n\n\n\n<p>No v\u00eddeo d\u00e1 para ver a jovem Aline caminhando pela Rua Marcolino Tavares quando, logo em seguida, uma pessoa passa atr\u00e1s dela. Segundo a pol\u00edcia, a pessoa, que n\u00e3o foi identificada, \u00e9 suspeita do crime.<\/p>\n\n\n\n<p>Depois que Aline passa, o suspeito, que est\u00e1 com uma camisa escura, aparece um minuto e 16 segundos depois dela. O registro foi feito a cerca de 500 metros do local onde Aline foi encontrada morta, poucos minutos antes das 17h do dia 8 de setembro, dia que desapareceu.<\/p>\n\n\n\n<p>Outra c\u00e2mera tamb\u00e9m filmou Aline passando em meio a mata. Mesmo de longe, d\u00e1 para reconhecer o vestido que ela usava, informou a pol\u00edcia. Logo depois aparece o suspeito com as roupas escuras caminhando apressado. Todas as imagens j\u00e1 est\u00e3o com a pol\u00edcia.<\/p>\n\n\n\n<p>Aline \u00e9 natural de Riacho dos Cavalos, na Para\u00edba. Ela desapareceu no dia 8 de setembro depois de sair para comprar fraldas para a filha.&nbsp;<\/p>\n\n\n\n<p>A delegada que investiga o caso disse que&nbsp;<a href=\"https:\/\/www.clickpb.com.br\/Policial\/paraibana-morta-ao-sair-para-comprar-fraldas-tentou-se-defender-diz-delegada-267681.html\">a jovem tentou se defender<\/a>.<\/p>\n\n\n\n<p>O corpo da jovem foi encontrado pela pol\u00edcia com ajuda de c\u00e3es farejadores, coberto por peda\u00e7os de madeira e parcialmente carbonizado.<\/p>\n","protected":false},"excerpt":{"rendered":"<p>&nbsp;pol\u00edcia teve acesso a novas imagens que mostram a jovem Aline Dantas, de 19 anos, sendo seguida momentos antes de desaparecer, em Alum\u00ednio (SP). O&hellip; <\/p>\n","protected":false},"author":1,"featured_media":117960,"comment_status":"closed","ping_status":"closed","sticky":false,"template":"","format":"standard","meta":{"sfsi_plus_gutenberg_text_before_share":"","sfsi_plus_gutenberg_show_text_before_share":"","sfsi_plus_gutenberg_icon_type":"","sfsi_plus_gutenberg_icon_alignemt":"","sfsi_plus_gutenburg_max_per_row":"","footnotes":""},"categories":[12],"tags":[],"class_list":["post-117958","post","type-post","status-publish","format-standard","has-post-thumbnail","hentry","category-policia"],"_links":{"self":[{"href":"https:\/\/www.caririemacao.com\/1\/wp-json\/wp\/v2\/posts\/117958","targetHints":{"allow":["GET"]}}],"collection":[{"href":"https:\/\/www.caririemacao.com\/1\/wp-json\/wp\/v2\/posts"}],"about":[{"href":"https:\/\/www.caririemacao.com\/1\/wp-json\/wp\/v2\/types\/post"}],"author":[{"embeddable":true,"href":"https:\/\/www.caririemacao.com\/1\/wp-json\/wp\/v2\/users\/1"}],"replies":[{"embeddable":true,"href":"https:\/\/www.caririemacao.com\/1\/wp-json\/wp\/v2\/comments?post=117958"}],"version-history":[{"count":1,"href":"https:\/\/www.caririemacao.com\/1\/wp-json\/wp\/v2\/posts\/117958\/revisions"}],"predecessor-version":[{"id":117961,"href":"https:\/\/www.caririemacao.com\/1\/wp-json\/wp\/v2\/posts\/117958\/revisions\/117961"}],"wp:featuredmedia":[{"embeddable":true,"href":"https:\/\/www.caririemacao.com\/1\/wp-json\/wp\/v2\/media\/117960"}],"wp:attachment":[{"href":"https:\/\/www.caririemacao.com\/1\/wp-json\/wp\/v2\/media?parent=117958"}],"wp:term":[{"taxonomy":"category","embeddable":true,"href":"https:\/\/www.caririemacao.com\/1\/wp-json\/wp\/v2\/categories?post=117958"},{"taxonomy":"post_tag","embeddable":true,"href":"https:\/\/www.caririemacao.com\/1\/wp-json\/wp\/v2\/tags?post=117958"}],"curies":[{"name":"wp","href":"https:\/\/api.w.org\/{rel}","templated":true}]}}