{"id":117968,"date":"2019-09-19T10:52:00","date_gmt":"2019-09-19T13:52:00","guid":{"rendered":"http:\/\/www.caririemacao.com\/1\/?p=117968"},"modified":"2019-09-19T10:52:00","modified_gmt":"2019-09-19T13:52:00","slug":"mais-da-metade-das-mortes-no-transito-nas-rodovias-federais-da-paraiba-envolvem-motos","status":"publish","type":"post","link":"https:\/\/www.caririemacao.com\/1\/2019\/09\/19\/mais-da-metade-das-mortes-no-transito-nas-rodovias-federais-da-paraiba-envolvem-motos\/","title":{"rendered":"Mais da metade das mortes no tr\u00e2nsito nas rodovias federais da Para\u00edba envolvem motos"},"content":{"rendered":"\n<p>Nas rodovias federais da Para\u00edba, mais da metade das mortes registradas em acidentes de tr\u00e2nsito envolvem motocicletas ou ciclomotores. Este ano, 95 pessoas j\u00e1 morreram em acidentes dessa natureza, sendo que 51 dessas mortes envolveram motociclistas ou passageiros de motos, o que representa 53% do total de \u00f3bitos registrados. Os dados s\u00e3o da Pol\u00edcia Rodovi\u00e1ria Federal (PRF).<\/p>\n\n\n\n<p>O n\u00famero de pessoas feridas em acidentes com motocicletas em rodovias federais este ano \u00e9 de 635 v\u00edtimas leves ou graves. Esse n\u00famero representa 64,33% do total de pessoas feridas em acidentes de tr\u00e2nsito nas rodovias da Para\u00edba.&nbsp;<\/p>\n\n\n\n<p>Apesar dos n\u00fameros elevados registrados, o n\u00famero de mortes envolvendo motociclistas diminuiu 13,55% em rela\u00e7\u00e3o&nbsp;ao mesmo per\u00edodo do ano passado, quando&nbsp;foram registrados 59 \u00f3bitos.&nbsp;<\/p>\n\n\n\n<p>Na Semana Nacional de Tr\u00e2nsito, a PRF&nbsp;alerta que o&nbsp;n\u00famero de motociclistas flagrados dirigindo sem habilita\u00e7\u00e3o ou sem usar o capacete reflete diretamente na quantidade e na gravidade dos acidentes envolvendo motos.&nbsp;<\/p>\n\n\n\n<p>Entretanto, a falta de aten\u00e7\u00e3o dos motoristas de ve\u00edculos maiores tamb\u00e9m causa graves acidentes. Trocar de faixa sem os devidos cuidados e&nbsp;n\u00e3o obedecer regras de prefer\u00eancia de circula\u00e7\u00e3o s\u00e3o algumas pr\u00e1ticas que comprometem a seguran\u00e7a dos motociclistas.<\/p>\n\n\n\n<p>Opera\u00e7\u00e3o Duas Rodas &#8211; Para reduzir o n\u00famero de acidentes envolvendo motos, motonetas e ciclomotores, a PRF vem realizando desde o in\u00edcio de ano a Opera\u00e7\u00e3o Duas Rodas. O foco da a\u00e7\u00e3o \u00e9 a fiscaliza\u00e7\u00e3o de motos, tanto para reduzir acidentes, como para coibir pr\u00e1ticas criminosas que utilizam esse tipo de ve\u00edculo.&nbsp;<\/p>\n\n\n\n<p>Dicas de seguran\u00e7a para motocicletas:<br>. O uso de capacete \u00e9 obrigat\u00f3rio para todos ocupantes.&nbsp;<br>. Retrovisores s\u00e3o itens de seguran\u00e7a indispens\u00e1veis.<br>. Sempre verifique o sistema de ilumina\u00e7\u00e3o, pois uma l\u00e2mpada queimada compromete a visualiza\u00e7\u00e3o dos demais motoristas.<\/p>\n","protected":false},"excerpt":{"rendered":"<p>Nas rodovias federais da Para\u00edba, mais da metade das mortes registradas em acidentes de tr\u00e2nsito envolvem motocicletas ou ciclomotores. Este ano, 95 pessoas j\u00e1 morreram&hellip; <\/p>\n","protected":false},"author":1,"featured_media":117970,"comment_status":"closed","ping_status":"closed","sticky":false,"template":"","format":"standard","meta":{"sfsi_plus_gutenberg_text_before_share":"","sfsi_plus_gutenberg_show_text_before_share":"","sfsi_plus_gutenberg_icon_type":"","sfsi_plus_gutenberg_icon_alignemt":"","sfsi_plus_gutenburg_max_per_row":"","footnotes":""},"categories":[2],"tags":[],"class_list":["post-117968","post","type-post","status-publish","format-standard","has-post-thumbnail","hentry","category-geral"],"_links":{"self":[{"href":"https:\/\/www.caririemacao.com\/1\/wp-json\/wp\/v2\/posts\/117968","targetHints":{"allow":["GET"]}}],"collection":[{"href":"https:\/\/www.caririemacao.com\/1\/wp-json\/wp\/v2\/posts"}],"about":[{"href":"https:\/\/www.caririemacao.com\/1\/wp-json\/wp\/v2\/types\/post"}],"author":[{"embeddable":true,"href":"https:\/\/www.caririemacao.com\/1\/wp-json\/wp\/v2\/users\/1"}],"replies":[{"embeddable":true,"href":"https:\/\/www.caririemacao.com\/1\/wp-json\/wp\/v2\/comments?post=117968"}],"version-history":[{"count":1,"href":"https:\/\/www.caririemacao.com\/1\/wp-json\/wp\/v2\/posts\/117968\/revisions"}],"predecessor-version":[{"id":117971,"href":"https:\/\/www.caririemacao.com\/1\/wp-json\/wp\/v2\/posts\/117968\/revisions\/117971"}],"wp:featuredmedia":[{"embeddable":true,"href":"https:\/\/www.caririemacao.com\/1\/wp-json\/wp\/v2\/media\/117970"}],"wp:attachment":[{"href":"https:\/\/www.caririemacao.com\/1\/wp-json\/wp\/v2\/media?parent=117968"}],"wp:term":[{"taxonomy":"category","embeddable":true,"href":"https:\/\/www.caririemacao.com\/1\/wp-json\/wp\/v2\/categories?post=117968"},{"taxonomy":"post_tag","embeddable":true,"href":"https:\/\/www.caririemacao.com\/1\/wp-json\/wp\/v2\/tags?post=117968"}],"curies":[{"name":"wp","href":"https:\/\/api.w.org\/{rel}","templated":true}]}}