{"id":117979,"date":"2019-09-19T13:07:41","date_gmt":"2019-09-19T16:07:41","guid":{"rendered":"http:\/\/www.caririemacao.com\/1\/?p=117979"},"modified":"2019-09-19T13:07:41","modified_gmt":"2019-09-19T16:07:41","slug":"humorista-paraibano-tem-veiculo-arrombado-e-pertences-roubados-nos-estados-unidos","status":"publish","type":"post","link":"https:\/\/www.caririemacao.com\/1\/2019\/09\/19\/humorista-paraibano-tem-veiculo-arrombado-e-pertences-roubados-nos-estados-unidos\/","title":{"rendered":"Humorista paraibano tem ve\u00edculo arrombado e pertences roubados nos Estados Unidos"},"content":{"rendered":"\n<figure class=\"wp-block-image\"><img decoding=\"async\" data-src=\"http:\/\/www.blogdobrunolira.com.br\/wp-content\/uploads\/2019\/09\/van_rafael_cunha-1-740x414.png\" alt=\"\" src=\"data:image\/svg+xml;base64,PHN2ZyB3aWR0aD0iMSIgaGVpZ2h0PSIxIiB4bWxucz0iaHR0cDovL3d3dy53My5vcmcvMjAwMC9zdmciPjwvc3ZnPg==\" class=\"lazyload\" style=\"--smush-placeholder-width: 740px; --smush-placeholder-aspect-ratio: 740\/414;\" \/><\/figure>\n\n\n\n<p>O humorista paraibano Rafael Cunha teve o ve\u00edculo arrombado e todos os pertences roubados, nesta quarta-feira (18), nos Estados Unidos. O humorista est\u00e1 de f\u00e9rias com toda&nbsp;fam\u00edlia no pa\u00eds.<\/p>\n\n\n\n<figure><iframe data-src=\"https:\/\/www.youtube.com\/embed\/_OrU2OebiKA\" allowfullscreen=\"allowfullscreen\" src=\"data:image\/svg+xml;base64,PHN2ZyB3aWR0aD0iMSIgaGVpZ2h0PSIxIiB4bWxucz0iaHR0cDovL3d3dy53My5vcmcvMjAwMC9zdmciPjwvc3ZnPg==\" class=\"lazyload\" data-load-mode=\"1\"><\/iframe><\/figure>\n\n\n\n<p>Ap\u00f3s jantar no&nbsp;Mc Donalds, ao voltar para o ve\u00edculo eles encontraram a van que alugaram arrombada, com o vidro do passageiro quebrado e todos os pertences da fam\u00edlia que estava no ve\u00edculo foram roubados.<\/p>\n\n\n\n<figure class=\"wp-block-image\"><img decoding=\"async\" data-src=\"https:\/\/www.clickpb.com.br\/media\/filer_public\/3e\/1f\/3e1fe23a-61a1-40cd-a4d4-5e9f37097f1b\/van_arrombada.png\" alt=\"\" src=\"data:image\/svg+xml;base64,PHN2ZyB3aWR0aD0iMSIgaGVpZ2h0PSIxIiB4bWxucz0iaHR0cDovL3d3dy53My5vcmcvMjAwMC9zdmciPjwvc3ZnPg==\" class=\"lazyload\" \/><\/figure>\n\n\n\n<p>Rafael divulgou o vandalismo nas suas redes sociais. Ele disse que foram levados iphones, bolsas dos adultos com documentos, inclusive a bolsa das crian\u00e7as.<\/p>\n\n\n\n<p>O humorista tamb\u00e9m frizou que foi avisado que n\u00e3o deveria deixar nada dentro do carro, pois era comum na cidade acontecer esse tipo de furto.<\/p>\n\n\n\n<figure class=\"wp-block-image\"><img decoding=\"async\" data-src=\"https:\/\/www.clickpb.com.br\/media\/filer_public\/c1\/42\/c14262ba-0425-4050-90ac-3dd9b6c3a518\/van_arrombada3.png\" alt=\"\" src=\"data:image\/svg+xml;base64,PHN2ZyB3aWR0aD0iMSIgaGVpZ2h0PSIxIiB4bWxucz0iaHR0cDovL3d3dy53My5vcmcvMjAwMC9zdmciPjwvc3ZnPg==\" class=\"lazyload\" \/><\/figure>\n\n\n\n<p>A Pol\u00edcia foi acionada e realizou uma per\u00edcia no ve\u00edculo para investigar o arrombamento.<\/p>\n\n\n\n<p>Rafael afirmou que todos passam bem e que foram apenas bens materiais.<\/p>\n","protected":false},"excerpt":{"rendered":"<p>O humorista paraibano Rafael Cunha teve o ve\u00edculo arrombado e todos os pertences roubados, nesta quarta-feira (18), nos Estados Unidos. O humorista est\u00e1 de f\u00e9rias&hellip; <\/p>\n","protected":false},"author":1,"featured_media":89112,"comment_status":"closed","ping_status":"closed","sticky":false,"template":"","format":"standard","meta":{"sfsi_plus_gutenberg_text_before_share":"","sfsi_plus_gutenberg_show_text_before_share":"","sfsi_plus_gutenberg_icon_type":"","sfsi_plus_gutenberg_icon_alignemt":"","sfsi_plus_gutenburg_max_per_row":"","footnotes":""},"categories":[2],"tags":[],"class_list":["post-117979","post","type-post","status-publish","format-standard","has-post-thumbnail","hentry","category-geral"],"_links":{"self":[{"href":"https:\/\/www.caririemacao.com\/1\/wp-json\/wp\/v2\/posts\/117979","targetHints":{"allow":["GET"]}}],"collection":[{"href":"https:\/\/www.caririemacao.com\/1\/wp-json\/wp\/v2\/posts"}],"about":[{"href":"https:\/\/www.caririemacao.com\/1\/wp-json\/wp\/v2\/types\/post"}],"author":[{"embeddable":true,"href":"https:\/\/www.caririemacao.com\/1\/wp-json\/wp\/v2\/users\/1"}],"replies":[{"embeddable":true,"href":"https:\/\/www.caririemacao.com\/1\/wp-json\/wp\/v2\/comments?post=117979"}],"version-history":[{"count":1,"href":"https:\/\/www.caririemacao.com\/1\/wp-json\/wp\/v2\/posts\/117979\/revisions"}],"predecessor-version":[{"id":117981,"href":"https:\/\/www.caririemacao.com\/1\/wp-json\/wp\/v2\/posts\/117979\/revisions\/117981"}],"wp:featuredmedia":[{"embeddable":true,"href":"https:\/\/www.caririemacao.com\/1\/wp-json\/wp\/v2\/media\/89112"}],"wp:attachment":[{"href":"https:\/\/www.caririemacao.com\/1\/wp-json\/wp\/v2\/media?parent=117979"}],"wp:term":[{"taxonomy":"category","embeddable":true,"href":"https:\/\/www.caririemacao.com\/1\/wp-json\/wp\/v2\/categories?post=117979"},{"taxonomy":"post_tag","embeddable":true,"href":"https:\/\/www.caririemacao.com\/1\/wp-json\/wp\/v2\/tags?post=117979"}],"curies":[{"name":"wp","href":"https:\/\/api.w.org\/{rel}","templated":true}]}}