{"id":118010,"date":"2019-09-19T13:58:17","date_gmt":"2019-09-19T16:58:17","guid":{"rendered":"http:\/\/www.caririemacao.com\/1\/?p=118010"},"modified":"2019-09-19T13:58:17","modified_gmt":"2019-09-19T16:58:17","slug":"prefeitura-de-sume-e-banco-do-brasil-se-reunem-com-empresarios-e-comerciantes-locais","status":"publish","type":"post","link":"https:\/\/www.caririemacao.com\/1\/2019\/09\/19\/prefeitura-de-sume-e-banco-do-brasil-se-reunem-com-empresarios-e-comerciantes-locais\/","title":{"rendered":"Prefeitura de Sum\u00e9 e Banco do Brasil se re\u00fanem com empres\u00e1rios e comerciantes locais"},"content":{"rendered":"\n<p>A ind\u00fastria de&nbsp;<em>fake news<\/em>&nbsp;implantada pelo grupo de oposi\u00e7\u00e3o em Sum\u00e9 n\u00e3o cansa de divulgar mentiras na cidade com o intuito de atacar o prefeito \u00c9den Duarte e a sua gest\u00e3o. A mais nova mentira do momento, \u00e9 dizer que a Ag\u00eancia do Banco do Brasil de Sum\u00e9 ir\u00e1 fechar e propagar que a culpa \u00e9 do governo municipal.<\/p>\n\n\n\n<p>A convite do prefeito, \u00c9den Duarte, os gerentes geral e de relacionamento do Banco Do Brasil, Ag\u00eancia Sum\u00e9, respectivamente, Filipe Sousa e Sara Maria participaram de uma reuni\u00e3o na noite desta ter\u00e7a-feira (17) para tratar do assunto. &nbsp;Empres\u00e1rios, comerciantes, CDL, representantes do legislativo, representante do Sicoob e diversas pessoas da comunidade estiveram presentes na reuni\u00e3o.<\/p>\n\n\n\n<figure class=\"wp-block-image\"><a href=\"http:\/\/www.sume.pb.gov.br\/wp-content\/uploads\/2019\/09\/IMG_7174.jpg\"><img decoding=\"async\" data-src=\"http:\/\/www.sume.pb.gov.br\/wp-content\/uploads\/2019\/09\/IMG_7174-300x200.jpg\" alt=\"\" src=\"data:image\/svg+xml;base64,PHN2ZyB3aWR0aD0iMSIgaGVpZ2h0PSIxIiB4bWxucz0iaHR0cDovL3d3dy53My5vcmcvMjAwMC9zdmciPjwvc3ZnPg==\" class=\"lazyload\" style=\"--smush-placeholder-width: 300px; --smush-placeholder-aspect-ratio: 300\/200;\" \/><\/a><\/figure>\n\n\n\n<figure class=\"wp-block-image\"><a href=\"http:\/\/www.sume.pb.gov.br\/wp-content\/uploads\/2019\/09\/IMG_7181.jpg\"><img decoding=\"async\" data-src=\"http:\/\/www.sume.pb.gov.br\/wp-content\/uploads\/2019\/09\/IMG_7181-300x200.jpg\" alt=\"\" src=\"data:image\/svg+xml;base64,PHN2ZyB3aWR0aD0iMSIgaGVpZ2h0PSIxIiB4bWxucz0iaHR0cDovL3d3dy53My5vcmcvMjAwMC9zdmciPjwvc3ZnPg==\" class=\"lazyload\" style=\"--smush-placeholder-width: 300px; --smush-placeholder-aspect-ratio: 300\/200;\" \/><\/a><\/figure>\n\n\n\n<figure class=\"wp-block-image\"><a href=\"http:\/\/www.sume.pb.gov.br\/wp-content\/uploads\/2019\/09\/IMG_7191.jpg\"><img decoding=\"async\" data-src=\"http:\/\/www.sume.pb.gov.br\/wp-content\/uploads\/2019\/09\/IMG_7191-300x200.jpg\" alt=\"\" src=\"data:image\/svg+xml;base64,PHN2ZyB3aWR0aD0iMSIgaGVpZ2h0PSIxIiB4bWxucz0iaHR0cDovL3d3dy53My5vcmcvMjAwMC9zdmciPjwvc3ZnPg==\" class=\"lazyload\" style=\"--smush-placeholder-width: 300px; --smush-placeholder-aspect-ratio: 300\/200;\" \/><\/a><\/figure>\n\n\n\n<p>O prefeito \u00c9den iniciou com uma breve apresenta\u00e7\u00e3o, em slides, sobre os principais indicadores econ\u00f4micos do munic\u00edpio, em seguida ele falou do empenho que sua gest\u00e3o tem dedicado para manter o pleno funcionamento, n\u00e3o s\u00f3 da ag\u00eancia do Banco do Brasil de Sum\u00e9, mas de todas as institui\u00e7\u00f5es financeiras instaladas no munic\u00edpio. \u00c9den deixou claro que desde a \u00e9poca em que era vice-prefeito, vem tratando desse assunto junto \u00e0s autoridades competentes, n\u00e3o s\u00f3 a n\u00edvel local, mas tamb\u00e9m em Bras\u00edlia. Ele disse que novos espa\u00e7os no Sum\u00e9 Shopping foram destinados para a Caixa Econ\u00f4mica e pro pr\u00f3prio Banco do Brasil, mas que, por quest\u00f5es de reestrutura\u00e7\u00e3o na pol\u00edtica dos bancos, a ideia n\u00e3o seguiu adiante.<\/p>\n\n\n\n<p>Na ocasi\u00e3o, o gerente Felipe Sousa refutou veementemente as informa\u00e7\u00f5es de que o Banco do Brasil de Sum\u00e9 iria encerrar suas atividades no munic\u00edpio. Ele, que assumiu a ag\u00eancia, h\u00e1 pouco tempo, disse que o desafio \u00e9 grande, mas que ela continuar\u00e1 oferecendo os mesmos servi\u00e7os de sempre.<\/p>\n\n\n\n<p>Felipe ainda respondeu a diversos questionamentos de todos os presentes, principalmente, sobre problemas inerentes ao funcionamento da ag\u00eancia, como falta de dinheiro constante nos caixas eletr\u00f4nicos, pagamentos de boletos acima de R$ 10 mil entre outros.<\/p>\n\n\n\n<p>Segundo o gerente, essa quest\u00e3o sobre o controle de numer\u00e1rio segue uma norma interna do Banco, mas que o problema ser\u00e1 remetido \u00e0 superintend\u00eancia geral e que, segundo ele, uma an\u00e1lise ser\u00e1 feita posteriormente em rela\u00e7\u00e3o \u00e0 esse assunto.<\/p>\n\n\n\n<p>A gerente de relacionamento do Banco, Sara Maria, enalteceu a participa\u00e7\u00e3o de todos, principalmente pelo n\u00edvel de representatividade no evento. Sara disse ainda que ficou muito feliz pelo fato do Banco do Brasil ser o preferido pela maioria dos presentes, j\u00e1 que todos, na ocasi\u00e3o, expressaram o desejo de que a institui\u00e7\u00e3o financeira permane\u00e7a em Sum\u00e9.<\/p>\n\n\n\n<p>Sara chamou aten\u00e7\u00e3o dos que fazem uso pol\u00edtico da situa\u00e7\u00e3o, uma vez que o momento precisa mais de uni\u00e3o e do esfor\u00e7o de todos.<\/p>\n\n\n\n<p>O presidente da CDL de Sum\u00e9, Z\u00e9 Elizi\u00e1rio, cobrou mais engajamento dos empres\u00e1rios e comerciantes locais em busca de alternativas de melhorias para os meios de pagamentos, principalmente no que se refere \u00e0 intensifica\u00e7\u00e3o do uso do cart\u00e3o magn\u00e9tico nos estabelecimentos comerciais.<\/p>\n\n\n\n<p>Ascom PMS<\/p>\n","protected":false},"excerpt":{"rendered":"<p>A ind\u00fastria de&nbsp;fake news&nbsp;implantada pelo grupo de oposi\u00e7\u00e3o em Sum\u00e9 n\u00e3o cansa de divulgar mentiras na cidade com o intuito de atacar o prefeito \u00c9den&hellip; <\/p>\n","protected":false},"author":1,"featured_media":118012,"comment_status":"closed","ping_status":"closed","sticky":false,"template":"","format":"standard","meta":{"sfsi_plus_gutenberg_text_before_share":"","sfsi_plus_gutenberg_show_text_before_share":"","sfsi_plus_gutenberg_icon_type":"","sfsi_plus_gutenberg_icon_alignemt":"","sfsi_plus_gutenburg_max_per_row":"","footnotes":""},"categories":[50,2],"tags":[],"class_list":["post-118010","post","type-post","status-publish","format-standard","has-post-thumbnail","hentry","category-destaque","category-geral"],"_links":{"self":[{"href":"https:\/\/www.caririemacao.com\/1\/wp-json\/wp\/v2\/posts\/118010","targetHints":{"allow":["GET"]}}],"collection":[{"href":"https:\/\/www.caririemacao.com\/1\/wp-json\/wp\/v2\/posts"}],"about":[{"href":"https:\/\/www.caririemacao.com\/1\/wp-json\/wp\/v2\/types\/post"}],"author":[{"embeddable":true,"href":"https:\/\/www.caririemacao.com\/1\/wp-json\/wp\/v2\/users\/1"}],"replies":[{"embeddable":true,"href":"https:\/\/www.caririemacao.com\/1\/wp-json\/wp\/v2\/comments?post=118010"}],"version-history":[{"count":1,"href":"https:\/\/www.caririemacao.com\/1\/wp-json\/wp\/v2\/posts\/118010\/revisions"}],"predecessor-version":[{"id":118013,"href":"https:\/\/www.caririemacao.com\/1\/wp-json\/wp\/v2\/posts\/118010\/revisions\/118013"}],"wp:featuredmedia":[{"embeddable":true,"href":"https:\/\/www.caririemacao.com\/1\/wp-json\/wp\/v2\/media\/118012"}],"wp:attachment":[{"href":"https:\/\/www.caririemacao.com\/1\/wp-json\/wp\/v2\/media?parent=118010"}],"wp:term":[{"taxonomy":"category","embeddable":true,"href":"https:\/\/www.caririemacao.com\/1\/wp-json\/wp\/v2\/categories?post=118010"},{"taxonomy":"post_tag","embeddable":true,"href":"https:\/\/www.caririemacao.com\/1\/wp-json\/wp\/v2\/tags?post=118010"}],"curies":[{"name":"wp","href":"https:\/\/api.w.org\/{rel}","templated":true}]}}