{"id":118018,"date":"2019-09-19T14:00:36","date_gmt":"2019-09-19T17:00:36","guid":{"rendered":"http:\/\/www.caririemacao.com\/1\/?p=118018"},"modified":"2019-09-19T14:00:36","modified_gmt":"2019-09-19T17:00:36","slug":"sume-sedia-seminario-do-projeto-paraiba-rural-sustentavel-e-e-anunciada-como-sede-do-cooperar-no-cariri","status":"publish","type":"post","link":"https:\/\/www.caririemacao.com\/1\/2019\/09\/19\/sume-sedia-seminario-do-projeto-paraiba-rural-sustentavel-e-e-anunciada-como-sede-do-cooperar-no-cariri\/","title":{"rendered":"Sum\u00e9 sedia semin\u00e1rio do Projeto \u201cPara\u00edba Rural Sustent\u00e1vel\u201d e \u00e9 anunciada como sede do Cooperar no Cariri"},"content":{"rendered":"\n<p>O Governo do Estado, por meio da Secretaria da Agricultura Familiar e do Desenvolvimento do Semi\u00e1rido (Seafds) e do Projeto Cooperar realizou nesta quarta-feira (18), no Gin\u00e1sio de Esportes Municipal, em Sum\u00e9, o Ciclo de Semin\u00e1rios de Divulga\u00e7\u00e3o e Informa\u00e7\u00f5es do Projeto \u201cPB Rural Sustent\u00e1vel\u201d, que poder\u00e1 contemplar 222 munic\u00edpios paraibanos da zona rural ou que vivam em pequenos aglomerados urbanos com at\u00e9 2,5 mil habitantes.<\/p>\n\n\n\n<p>Ao todo, ser\u00e3o investidos R$ 320 milh\u00f5es, sendo R$ 200 milh\u00f5es do Banco Mundial e R$ 120 milh\u00f5es com contrapartida do Governo do Estado e das comunidades, beneficiando mais de 165 mil pessoas.<\/p>\n\n\n\n<p>Os investimentos dever\u00e3o ser feitos em implanta\u00e7\u00e3o de abastecimento de \u00e1gua completo, com perfura\u00e7\u00e3o de po\u00e7os, tratamento e distribui\u00e7\u00e3o at\u00e9 a casa do benefici\u00e1rio; abastecimento de \u00e1gua simplificado (po\u00e7os dessalinizadores, chafarizes e cisternas); e tecnologias e pr\u00e1ticas agropecu\u00e1rias, melhorando a conviv\u00eancia dos benefici\u00e1rios com as vulnerabilidades agroclim\u00e1ticas. Outra vertente dos investimentos ser\u00e1 o apoio \u00e0s Alian\u00e7as Produtivas atrav\u00e9s de Associa\u00e7\u00f5es e Cooperativas de produ\u00e7\u00e3o, na gest\u00e3o e acesso a mercados.<\/p>\n\n\n\n<p>Estiveram participando do evento o secret\u00e1rio de Agricultura Familiar do Estado, Luiz Couto, o coordenador geral do Cooperar, Omar Gama, o coordenador regional do Cooperar no Cariri, Francisco de Assis Delgado, um representante do Banco Mundial, o diretor regional da Emaper, Valmir Azevedo, o prefeito de Sum\u00e9, \u00c9den Duarte, o prefeito de S\u00e3o Jos\u00e9 dos Cordeiros, Jeferson Roberto, o prefeito de Cara\u00fabas, Silvano Dudu, al\u00e9m de representantes dos munic\u00edpios de Amparo, Camala\u00fa, Congo, Coxixola, , Livramento, Monteiro, Ouro Velho, Parari, Prata, S\u00e3o Domingos do Cariri, S\u00e3o Jo\u00e3o do Tigre, S\u00e3o Sebasti\u00e3o do Umbuzeiro, Serra Branca e Zabel\u00ea.<\/p>\n\n\n\n<p>Na ocasi\u00e3o foi anunciado oficialmente que Sum\u00e9 ser\u00e1 sede do escrit\u00f3rio do Cooperar na regi\u00e3o do Cariri Ocidental, gra\u00e7as a uma importante parceria do Governo do Estado e a Prefeitura de Sum\u00e9.<\/p>\n\n\n\n<p>Os interessados em participar do \u201cPara\u00edba Rural Sustent\u00e1vel\u201d devem estar lotados em uma entidade legalmente constitu\u00edda h\u00e1 pelo menos dois anos; a entidade dever\u00e1 estar adimplente com o Cooperar e outros \u00f3rg\u00e3os; o benefici\u00e1rio deve pertencer formalmente ao quadro de s\u00f3cios da entidade; e tamb\u00e9m pertencerem a comunidades rurais ou aglomerados urbanos com at\u00e9 2,5 mil habitantes.<\/p>\n\n\n\n<p>Ter\u00e3o prioridade de acesso ao Projeto \u201cPara\u00edba Rural Sustent\u00e1vel\u201d comunidades ind\u00edgenas, quilombolas e comunidades atingidas por barragens; comunidades com maior n\u00famero de fam\u00edlias chefiadas por mulheres; comunidades com dificuldades de acesso \u00e0 \u00e1gua; comunidades que tenham defici\u00eancia de \u00e1gua em quantidade e\/ou qualidade.<\/p>\n\n\n\n<p>19\/09\/2019<\/p>\n","protected":false},"excerpt":{"rendered":"<p>O Governo do Estado, por meio da Secretaria da Agricultura Familiar e do Desenvolvimento do Semi\u00e1rido (Seafds) e do Projeto Cooperar realizou nesta quarta-feira (18),&hellip; <\/p>\n","protected":false},"author":1,"featured_media":118020,"comment_status":"closed","ping_status":"closed","sticky":false,"template":"","format":"standard","meta":{"sfsi_plus_gutenberg_text_before_share":"","sfsi_plus_gutenberg_show_text_before_share":"","sfsi_plus_gutenberg_icon_type":"","sfsi_plus_gutenberg_icon_alignemt":"","sfsi_plus_gutenburg_max_per_row":"","footnotes":""},"categories":[2],"tags":[],"class_list":["post-118018","post","type-post","status-publish","format-standard","has-post-thumbnail","hentry","category-geral"],"_links":{"self":[{"href":"https:\/\/www.caririemacao.com\/1\/wp-json\/wp\/v2\/posts\/118018","targetHints":{"allow":["GET"]}}],"collection":[{"href":"https:\/\/www.caririemacao.com\/1\/wp-json\/wp\/v2\/posts"}],"about":[{"href":"https:\/\/www.caririemacao.com\/1\/wp-json\/wp\/v2\/types\/post"}],"author":[{"embeddable":true,"href":"https:\/\/www.caririemacao.com\/1\/wp-json\/wp\/v2\/users\/1"}],"replies":[{"embeddable":true,"href":"https:\/\/www.caririemacao.com\/1\/wp-json\/wp\/v2\/comments?post=118018"}],"version-history":[{"count":1,"href":"https:\/\/www.caririemacao.com\/1\/wp-json\/wp\/v2\/posts\/118018\/revisions"}],"predecessor-version":[{"id":118021,"href":"https:\/\/www.caririemacao.com\/1\/wp-json\/wp\/v2\/posts\/118018\/revisions\/118021"}],"wp:featuredmedia":[{"embeddable":true,"href":"https:\/\/www.caririemacao.com\/1\/wp-json\/wp\/v2\/media\/118020"}],"wp:attachment":[{"href":"https:\/\/www.caririemacao.com\/1\/wp-json\/wp\/v2\/media?parent=118018"}],"wp:term":[{"taxonomy":"category","embeddable":true,"href":"https:\/\/www.caririemacao.com\/1\/wp-json\/wp\/v2\/categories?post=118018"},{"taxonomy":"post_tag","embeddable":true,"href":"https:\/\/www.caririemacao.com\/1\/wp-json\/wp\/v2\/tags?post=118018"}],"curies":[{"name":"wp","href":"https:\/\/api.w.org\/{rel}","templated":true}]}}