{"id":118034,"date":"2019-09-20T07:24:25","date_gmt":"2019-09-20T10:24:25","guid":{"rendered":"http:\/\/www.caririemacao.com\/1\/?p=118034"},"modified":"2019-09-20T07:24:25","modified_gmt":"2019-09-20T10:24:25","slug":"crianca-atinge-irmao-com-um-tiro-na-cabeca-apos-arma-disparar-acidentalmente-em-catole-do-rocha","status":"publish","type":"post","link":"https:\/\/www.caririemacao.com\/1\/2019\/09\/20\/crianca-atinge-irmao-com-um-tiro-na-cabeca-apos-arma-disparar-acidentalmente-em-catole-do-rocha\/","title":{"rendered":"Crian\u00e7a atinge irm\u00e3o com um tiro na cabe\u00e7a ap\u00f3s arma disparar acidentalmente em Catol\u00e9 do Rocha"},"content":{"rendered":"\n<p>Um adolescente, de 12 anos foi atingido com um tiro ma cabe\u00e7a, na noite desta quinta-feira (19), em Catol\u00e9 do Rocha, na Para\u00edba. O irm\u00e3o da v\u00edtima brincava com a arma na resid\u00eancia, quando efetuou o disparo acidentalmente.&nbsp;<\/p>\n\n\n\n<p>A v\u00edtima foi socorrida para o&nbsp;Hospital Regional Dr. Am\u00e9rico Maia de Vasconcelos de Catol\u00e9 do Rocha. De acordo com a unidade de sa\u00fade, o adolescente&nbsp;passou por procedimentos m\u00e9dicos, est\u00e1 consciente e orientado com quadro cl\u00ednico regular, e ser\u00e1 transferido para uma outra unidade hospitalar para uma poss\u00edvel retirada do proj\u00e9til.<\/p>\n\n\n\n<p>A Pol\u00edcia Militar foi acionado&nbsp;e apreendeu a arma, um rev\u00f3lver calibre 38. N\u00e3o foi informado de quem pertencia a arma.<\/p>\n\n\n\n<p>O caso ser\u00e1 acompanhado pela Pol\u00edcia Civil.<\/p>\n","protected":false},"excerpt":{"rendered":"<p>Um adolescente, de 12 anos foi atingido com um tiro ma cabe\u00e7a, na noite desta quinta-feira (19), em Catol\u00e9 do Rocha, na Para\u00edba. O irm\u00e3o&hellip; <\/p>\n","protected":false},"author":1,"featured_media":104404,"comment_status":"closed","ping_status":"closed","sticky":false,"template":"","format":"standard","meta":{"sfsi_plus_gutenberg_text_before_share":"","sfsi_plus_gutenberg_show_text_before_share":"","sfsi_plus_gutenberg_icon_type":"","sfsi_plus_gutenberg_icon_alignemt":"","sfsi_plus_gutenburg_max_per_row":"","footnotes":""},"categories":[12],"tags":[],"class_list":["post-118034","post","type-post","status-publish","format-standard","has-post-thumbnail","hentry","category-policia"],"_links":{"self":[{"href":"https:\/\/www.caririemacao.com\/1\/wp-json\/wp\/v2\/posts\/118034","targetHints":{"allow":["GET"]}}],"collection":[{"href":"https:\/\/www.caririemacao.com\/1\/wp-json\/wp\/v2\/posts"}],"about":[{"href":"https:\/\/www.caririemacao.com\/1\/wp-json\/wp\/v2\/types\/post"}],"author":[{"embeddable":true,"href":"https:\/\/www.caririemacao.com\/1\/wp-json\/wp\/v2\/users\/1"}],"replies":[{"embeddable":true,"href":"https:\/\/www.caririemacao.com\/1\/wp-json\/wp\/v2\/comments?post=118034"}],"version-history":[{"count":1,"href":"https:\/\/www.caririemacao.com\/1\/wp-json\/wp\/v2\/posts\/118034\/revisions"}],"predecessor-version":[{"id":118036,"href":"https:\/\/www.caririemacao.com\/1\/wp-json\/wp\/v2\/posts\/118034\/revisions\/118036"}],"wp:featuredmedia":[{"embeddable":true,"href":"https:\/\/www.caririemacao.com\/1\/wp-json\/wp\/v2\/media\/104404"}],"wp:attachment":[{"href":"https:\/\/www.caririemacao.com\/1\/wp-json\/wp\/v2\/media?parent=118034"}],"wp:term":[{"taxonomy":"category","embeddable":true,"href":"https:\/\/www.caririemacao.com\/1\/wp-json\/wp\/v2\/categories?post=118034"},{"taxonomy":"post_tag","embeddable":true,"href":"https:\/\/www.caririemacao.com\/1\/wp-json\/wp\/v2\/tags?post=118034"}],"curies":[{"name":"wp","href":"https:\/\/api.w.org\/{rel}","templated":true}]}}