{"id":118046,"date":"2019-09-20T07:28:04","date_gmt":"2019-09-20T10:28:04","guid":{"rendered":"http:\/\/www.caririemacao.com\/1\/?p=118046"},"modified":"2019-09-20T07:28:04","modified_gmt":"2019-09-20T10:28:04","slug":"trf-4-nega-pedido-de-lula-de-afastar-procurador-do-processo-do-sitio-atibaia","status":"publish","type":"post","link":"https:\/\/www.caririemacao.com\/1\/2019\/09\/20\/trf-4-nega-pedido-de-lula-de-afastar-procurador-do-processo-do-sitio-atibaia\/","title":{"rendered":"TRF-4 nega pedido de Lula de afastar procurador do processo do s\u00edtio Atibaia"},"content":{"rendered":"\n<p>O Tribunal Regional Federal da 4\u00aa Regi\u00e3o (TRF-4) negou pela segunda vez, nesta quinta-feira (19), pedido da defesa do ex-presidente Luiz In\u00e1cio Lula da Silva para afastar o procurador Maur\u00edcio Gotardo Gerum do processo do s\u00edtio de Atibaia, na Opera\u00e7\u00e3o Lava Jato, em segunda inst\u00e2ncia.<\/p>\n\n\n\n<p>O G1 entrou em contato com a defesa de Lula e aguarda retorno.<\/p>\n\n\n\n<p>Em 15 de agosto, os desembargadores federais que comp\u00f5em a 4\u00aa Se\u00e7\u00e3o da Corte j\u00e1 haviam decidido por rejeitar a solicita\u00e7\u00e3o, mantendo Gerum no processo. Ele \u00e9 o autor dos pareceres da Procuradoria Regional da Rep\u00fablica.<\/p>\n\n\n\n<p>Ap\u00f3s a negativa, a defesa entrou com recurso de embargos de declara\u00e7\u00e3o, em que questionava a decis\u00e3o. As alega\u00e7\u00f5es desse embargo tamb\u00e9m foram negadas.<\/p>\n\n\n\n<p>A defesa de Lula sustenta, no pedido, que Gerum deve ser afastado pois possui parentesco com o procurador da Rep\u00fablica Diogo Castor de Mattos, que atua em primeira inst\u00e2ncia e subscreve a den\u00fancia contra o ex-presidente, e tamb\u00e9m com o advogado Rodrigo Castor de Mattos, irm\u00e3o de Diogo.<\/p>\n\n\n\n<p>Este, aponta a defesa, teria atuado na negocia\u00e7\u00e3o da dela\u00e7\u00e3o premiada de M\u00f4nica Moura e Jo\u00e3o Santana, ouvidos como testemunhas na a\u00e7\u00e3o penal. A assessoria do advogado, no entanto, informou que ele n\u00e3o atuou na negocia\u00e7\u00e3o que resultou no acordo.<\/p>\n\n\n\n<p>Em manifesta\u00e7\u00e3o do MPF, ainda no primeiro julgamento, o \u00f3rg\u00e3o sugeriu que o recurso fosse negado. &#8220;A exist\u00eancia de parentesco entre o excepto [Gerum] e os irm\u00e3os Diogo e Rodrigo Castor de Mattos n\u00e3o demanda qualquer dilig\u00eancia ou dila\u00e7\u00e3o probat\u00f3ria, j\u00e1 que o excepto reconhece ser primo destes, ou seja, possui parentesco de quarto grau, o que n\u00e3o enseja impedimento&#8221;, diz em despacho.<\/p>\n\n\n\n<p>O pr\u00f3prio Gerum tamb\u00e9m havia se manifestado, classificando o pedido como \u201cdescabido&#8221;.<\/p>\n\n\n\n<p>Den\u00fancia do s\u00edtio de Atibaia<\/p>\n\n\n\n<p>Lula foi condenado em fevereiro, em primeira inst\u00e2ncia, a 12 anos e 11 meses pelo processo que apurou irregularidades relacionadas ao s\u00edtio de Atibaia, atribu\u00eddo ao ex-presidente. A defesa apelou ao TRF-4 pedindo a absolvi\u00e7\u00e3o de Lula, em 15 de maio.<\/p>\n\n\n\n<p>O Minist\u00e9rio P\u00fablico Federal, por sua vez, sustenta que o ex-presidente deve ter a pena aumentada. O processo tramita na segunda inst\u00e2ncia e ainda n\u00e3o tem data para julgamento.<\/p>\n\n\n\n<p>De acordo com o MPF, Lula recebeu propina do Grupo Schain, de Jos\u00e9 Carlos Bumlai, e das empreiteiras OAS a Odebrecht por meio da reforma e decora\u00e7\u00e3o no s\u00edtio Santa B\u00e1rbara, em Atibaia (SP), que o ex-presidente frequentava com a fam\u00edlia. Outras 12 pessoas foram denunciadas no processo.<\/p>\n\n\n\n<p>A acusa\u00e7\u00e3o trata do pagamento de propina de pelo menos R$ 128 milh\u00f5es pela Odebrecht e de outros R$ 27 milh\u00f5es por parte da OAS.<\/p>\n\n\n\n<p>Para os procuradores, parte desse dinheiro foi usada para adequar o s\u00edtio \u00e0s necessidades de Lula. Segundo a den\u00fancia, as melhorias na propriedade totalizaram R$ 1,02 milh\u00e3o.<\/p>\n\n\n\n<p>Lula cumpre pena por outro processo, do caso do Tr\u00edplex, na Pol\u00edcia Federal de Curitiba, desde abril do ano passado. Neste julgamento, ele recebeu pena em segunda inst\u00e2ncia de 12 anos e um m\u00eas, diminu\u00edda ap\u00f3s recurso pelo STJ para 8 anos e 10 meses.<\/p>\n","protected":false},"excerpt":{"rendered":"<p>O Tribunal Regional Federal da 4\u00aa Regi\u00e3o (TRF-4) negou pela segunda vez, nesta quinta-feira (19), pedido da defesa do ex-presidente Luiz In\u00e1cio Lula da Silva&hellip; <\/p>\n","protected":false},"author":1,"featured_media":112613,"comment_status":"closed","ping_status":"closed","sticky":false,"template":"","format":"standard","meta":{"sfsi_plus_gutenberg_text_before_share":"","sfsi_plus_gutenberg_show_text_before_share":"","sfsi_plus_gutenberg_icon_type":"","sfsi_plus_gutenberg_icon_alignemt":"","sfsi_plus_gutenburg_max_per_row":"","footnotes":""},"categories":[11],"tags":[],"class_list":["post-118046","post","type-post","status-publish","format-standard","has-post-thumbnail","hentry","category-politica"],"_links":{"self":[{"href":"https:\/\/www.caririemacao.com\/1\/wp-json\/wp\/v2\/posts\/118046","targetHints":{"allow":["GET"]}}],"collection":[{"href":"https:\/\/www.caririemacao.com\/1\/wp-json\/wp\/v2\/posts"}],"about":[{"href":"https:\/\/www.caririemacao.com\/1\/wp-json\/wp\/v2\/types\/post"}],"author":[{"embeddable":true,"href":"https:\/\/www.caririemacao.com\/1\/wp-json\/wp\/v2\/users\/1"}],"replies":[{"embeddable":true,"href":"https:\/\/www.caririemacao.com\/1\/wp-json\/wp\/v2\/comments?post=118046"}],"version-history":[{"count":1,"href":"https:\/\/www.caririemacao.com\/1\/wp-json\/wp\/v2\/posts\/118046\/revisions"}],"predecessor-version":[{"id":118048,"href":"https:\/\/www.caririemacao.com\/1\/wp-json\/wp\/v2\/posts\/118046\/revisions\/118048"}],"wp:featuredmedia":[{"embeddable":true,"href":"https:\/\/www.caririemacao.com\/1\/wp-json\/wp\/v2\/media\/112613"}],"wp:attachment":[{"href":"https:\/\/www.caririemacao.com\/1\/wp-json\/wp\/v2\/media?parent=118046"}],"wp:term":[{"taxonomy":"category","embeddable":true,"href":"https:\/\/www.caririemacao.com\/1\/wp-json\/wp\/v2\/categories?post=118046"},{"taxonomy":"post_tag","embeddable":true,"href":"https:\/\/www.caririemacao.com\/1\/wp-json\/wp\/v2\/tags?post=118046"}],"curies":[{"name":"wp","href":"https:\/\/api.w.org\/{rel}","templated":true}]}}