{"id":118073,"date":"2019-09-20T07:32:47","date_gmt":"2019-09-20T10:32:47","guid":{"rendered":"http:\/\/www.caririemacao.com\/1\/?p=118073"},"modified":"2019-09-20T07:32:47","modified_gmt":"2019-09-20T10:32:47","slug":"bolsonaro-quer-investigar-aumento-abusivo-em-postos-de-combustivel","status":"publish","type":"post","link":"https:\/\/www.caririemacao.com\/1\/2019\/09\/20\/bolsonaro-quer-investigar-aumento-abusivo-em-postos-de-combustivel\/","title":{"rendered":"Bolsonaro quer investigar aumento abusivo em postos de combust\u00edvel"},"content":{"rendered":"\n<p>O presidente Jair Bolsonaro reclamou hoje (19) do aumento no pre\u00e7o de combust\u00edveis praticado pelos postos. Segundo ele, que citou o&nbsp;<a href=\"http:\/\/agenciabrasil.ebc.com.br\/internacional\/noticia\/2019-09\/ataques-reduzem-pela-metade-producao-de-petroleo-na-arabia-saudita\" target=\"_blank\" rel=\"noreferrer noopener\">ataque de drones<\/a>, no s\u00e1bado (14), contra instala\u00e7\u00f5es&nbsp;petroleiras da Ar\u00e1bia Saudita, tem havido pr\u00e1tica abusiva de eleva\u00e7\u00e3o dos pre\u00e7os mesmo antes dos reajustes da Petrobras.&nbsp;<\/p>\n\n\n\n<p>&#8220;Ontem mesmo, em Bras\u00edlia, antes desse an\u00fancio da Petrobras [de aumento no pre\u00e7o], que foi no final da tarde, come\u00e7o da noite, alguns postos subiram 5%, levando-se em&nbsp;conta o ataque de drones \u00e0 refinaria l\u00e1 da Ar\u00e1bia Saudita. O pre\u00e7o continuava o mesmo, [mas] teve aumento aqui. Isso para mim \u00e9 um abuso. A gente vai pra cima deles,&nbsp;tudo que estiver de acordo com a lei, puder defender o consumidor, n\u00f3s faremos&#8221;, disse o presidente durante live semanal no Facebook, transmitida diretamente do&nbsp;Pal\u00e1cio do Alvorada, de onde ele despachou ao longo do dia. Ele estava acompanhado do diretor do Departamento de Biocombust\u00edveis do Minist\u00e9rio de Minas Energia, Miguel&nbsp;Ivan Lacerda de Oliveira.<\/p>\n\n\n\n<figure><iframe allowfullscreen=\"true\" height=\"315\" data-src=\"https:\/\/www.facebook.com\/plugins\/video.php?href=https%3A%2F%2Fwww.facebook.com%2Fjairmessias.bolsonaro%2Fvideos%2F3713583421988904%2F&amp;show_text=0&amp;width=560\" width=\"560\" src=\"data:image\/svg+xml;base64,PHN2ZyB3aWR0aD0iMSIgaGVpZ2h0PSIxIiB4bWxucz0iaHR0cDovL3d3dy53My5vcmcvMjAwMC9zdmciPjwvc3ZnPg==\" class=\"lazyload\" data-load-mode=\"1\"><\/iframe><\/figure>\n\n\n\n<p>O presidente disse ter determinado \u00e0 pasta uma investiga\u00e7\u00e3o sobre eventuais pr\u00e1ticas irregulares. &#8220;Estou em contato com o ministro das Minas e Energia e ele,&nbsp;obviamente, vai entrar em contato com a Ag\u00eancia Nacional de Petr\u00f3leo, para ver o que est\u00e1 acontecendo, cartel, seja l\u00e1 o que for, isso n\u00e3o pode continuar&nbsp;acontecendo&#8221;. O aumento citado por Bolsonaro est\u00e1 sendo investigado pelo Instituto de Defesa do Consumidor do Distrito Federal (Procon-DF), que passou a<a href=\"http:\/\/agenciabrasil.ebc.com.br\/economia\/noticia\/2019-09\/procon-fiscaliza-aumento-irregular-nos-precos-de-combustivel-no-df\" target=\"_blank\" rel=\"noreferrer noopener\">&nbsp;notificar postos pelo aumento sem justificativa<\/a>.<\/p>\n\n\n\n<h2 class=\"wp-block-heading\">Pol\u00edtica de pre\u00e7os<\/h2>\n\n\n\n<p>Ao mencionar o&nbsp;<a href=\"http:\/\/agenciabrasil.ebc.com.br\/economia\/noticia\/2019-09\/petrobras-eleva-preco-da-gasolina-em-35-e-do-diesel-em-42\" target=\"_blank\" rel=\"noreferrer noopener\">reajuste da Petrobras<\/a>&nbsp;e os valores da gasolina e do \u00f3leo diesel, Bolsonaro destacou que a companhia tem autonomia para definir sua pol\u00edtica de pre\u00e7os e que n\u00e3o haver\u00e1 interfer\u00eancia do governo nessa&nbsp;defini\u00e7\u00e3o. Ele tamb\u00e9m condenou o ataque terrorista \u00e0 maior refinaria de petr\u00f3leo do planeta, na Ar\u00e1bia Saudita.<\/p>\n\n\n\n<p>&#8220;Logicamente n\u00f3s condenamos qualquer ataque terrorista. Esse ataque fez subir at\u00e9 20% o pre\u00e7o do petr\u00f3leo. O presidente da Petrobras resolveu segurar o pre\u00e7o o m\u00e1ximo&nbsp;poss\u00edvel, segurou, mas infelizmente, ontem, a decis\u00e3o [de aumentar] \u00e9 da Petrobras, n\u00e3o tem interfer\u00eancia nossa, \u00e9 a Petrobras que faz sua pol\u00edtica de pre\u00e7os, e&nbsp;aumentou em m\u00e9dia 3% o diesel e a gasolina&#8221;. Os reajustes anunciados foram de aumento, nas refinarias, de 3,5% na gasolina e 4,2% no \u00f3leo diesel. O pre\u00e7o final na&nbsp;bomba \u00e9 sempre maior por causa da incid\u00eancia de impostos, incluindo tributos federais e estaduais.&nbsp;<\/p>\n","protected":false},"excerpt":{"rendered":"<p>O presidente Jair Bolsonaro reclamou hoje (19) do aumento no pre\u00e7o de combust\u00edveis praticado pelos postos. Segundo ele, que citou o&nbsp;ataque de drones, no s\u00e1bado&hellip; <\/p>\n","protected":false},"author":1,"featured_media":96651,"comment_status":"closed","ping_status":"closed","sticky":false,"template":"","format":"standard","meta":{"sfsi_plus_gutenberg_text_before_share":"","sfsi_plus_gutenberg_show_text_before_share":"","sfsi_plus_gutenberg_icon_type":"","sfsi_plus_gutenberg_icon_alignemt":"","sfsi_plus_gutenburg_max_per_row":"","footnotes":""},"categories":[11],"tags":[],"class_list":["post-118073","post","type-post","status-publish","format-standard","has-post-thumbnail","hentry","category-politica"],"_links":{"self":[{"href":"https:\/\/www.caririemacao.com\/1\/wp-json\/wp\/v2\/posts\/118073","targetHints":{"allow":["GET"]}}],"collection":[{"href":"https:\/\/www.caririemacao.com\/1\/wp-json\/wp\/v2\/posts"}],"about":[{"href":"https:\/\/www.caririemacao.com\/1\/wp-json\/wp\/v2\/types\/post"}],"author":[{"embeddable":true,"href":"https:\/\/www.caririemacao.com\/1\/wp-json\/wp\/v2\/users\/1"}],"replies":[{"embeddable":true,"href":"https:\/\/www.caririemacao.com\/1\/wp-json\/wp\/v2\/comments?post=118073"}],"version-history":[{"count":1,"href":"https:\/\/www.caririemacao.com\/1\/wp-json\/wp\/v2\/posts\/118073\/revisions"}],"predecessor-version":[{"id":118075,"href":"https:\/\/www.caririemacao.com\/1\/wp-json\/wp\/v2\/posts\/118073\/revisions\/118075"}],"wp:featuredmedia":[{"embeddable":true,"href":"https:\/\/www.caririemacao.com\/1\/wp-json\/wp\/v2\/media\/96651"}],"wp:attachment":[{"href":"https:\/\/www.caririemacao.com\/1\/wp-json\/wp\/v2\/media?parent=118073"}],"wp:term":[{"taxonomy":"category","embeddable":true,"href":"https:\/\/www.caririemacao.com\/1\/wp-json\/wp\/v2\/categories?post=118073"},{"taxonomy":"post_tag","embeddable":true,"href":"https:\/\/www.caririemacao.com\/1\/wp-json\/wp\/v2\/tags?post=118073"}],"curies":[{"name":"wp","href":"https:\/\/api.w.org\/{rel}","templated":true}]}}