{"id":118100,"date":"2019-09-20T07:37:30","date_gmt":"2019-09-20T10:37:30","guid":{"rendered":"http:\/\/www.caririemacao.com\/1\/?p=118100"},"modified":"2019-09-20T07:37:30","modified_gmt":"2019-09-20T10:37:30","slug":"coreia-do-norte-estaria-construindo-submarino-para-lancar-misseis","status":"publish","type":"post","link":"https:\/\/www.caririemacao.com\/1\/2019\/09\/20\/coreia-do-norte-estaria-construindo-submarino-para-lancar-misseis\/","title":{"rendered":"Coreia do Norte estaria construindo submarino para lan\u00e7ar m\u00edsseis"},"content":{"rendered":"\n<p>Pesquisadores americanos afirmam que imagens de sat\u00e9lite sugerem que a Coreia do Norte poder\u00e1 est\u00e1 preparando o posicionamento de um submarino capaz de lan\u00e7ar m\u00edsseis bal\u00edsticos.<\/p>\n\n\n\n<p>Pesquisadores do Instituto Middlebury de Estudos Internacionais e do Planet Labs, operadora de sat\u00e9lites, declararam \u00e0 NHK que analisaram imagens de um estaleiro na cidade de Sinpo, no leste do pa\u00eds.<\/p>\n\n\n\n<p>No dia 3 de setembro, pelo menos13 objetos similares a pilares puderam ser vistos ao longo do cais, com alguns ve\u00edculos se movimentando na \u00e1rea.<\/p>\n\n\n\n<p>Imagens tiradas no dia 12 de setembro mostram a constru\u00e7\u00e3o de uma grande estrutura cobrindo o cais e a \u00e1gua.<\/p>\n\n\n\n<p>As mais recentes imagens, obtidas nessa quinta-feira (19), mostram a estrutura cobrindo quase completamente o cais.<\/p>\n\n\n\n<p>Os pesquisadores disseram que a estrutura tem, agora, extens\u00e3o de 100 metros, que \u00e9 muito mais longa do que a usada para a constru\u00e7\u00e3o de submarinos convencionais norte-coreanos.<\/p>\n\n\n\n<p>Disseram ainda que Pyongyang, a capital norte-coreana, poder\u00e1 estar se preparando para o lan\u00e7amento de um novo submarino capaz de transportar m\u00edsseis bal\u00edsticos.<\/p>\n\n\n\n<p>O pesquisador s\u00eanior David Schmerler afirmou que a estrutura poder\u00e1 ser usada para a manuten\u00e7\u00e3o e o desenvolvimento de submarinos, levando o pa\u00eds a um programa de m\u00edsseis bal\u00edsticos lan\u00e7ados por submarino.<\/p>\n","protected":false},"excerpt":{"rendered":"<p>Pesquisadores americanos afirmam que imagens de sat\u00e9lite sugerem que a Coreia do Norte poder\u00e1 est\u00e1 preparando o posicionamento de um submarino capaz de lan\u00e7ar m\u00edsseis&hellip; <\/p>\n","protected":false},"author":1,"featured_media":118102,"comment_status":"closed","ping_status":"closed","sticky":false,"template":"","format":"standard","meta":{"sfsi_plus_gutenberg_text_before_share":"","sfsi_plus_gutenberg_show_text_before_share":"","sfsi_plus_gutenberg_icon_type":"","sfsi_plus_gutenberg_icon_alignemt":"","sfsi_plus_gutenburg_max_per_row":"","footnotes":""},"categories":[2],"tags":[],"class_list":["post-118100","post","type-post","status-publish","format-standard","has-post-thumbnail","hentry","category-geral"],"_links":{"self":[{"href":"https:\/\/www.caririemacao.com\/1\/wp-json\/wp\/v2\/posts\/118100","targetHints":{"allow":["GET"]}}],"collection":[{"href":"https:\/\/www.caririemacao.com\/1\/wp-json\/wp\/v2\/posts"}],"about":[{"href":"https:\/\/www.caririemacao.com\/1\/wp-json\/wp\/v2\/types\/post"}],"author":[{"embeddable":true,"href":"https:\/\/www.caririemacao.com\/1\/wp-json\/wp\/v2\/users\/1"}],"replies":[{"embeddable":true,"href":"https:\/\/www.caririemacao.com\/1\/wp-json\/wp\/v2\/comments?post=118100"}],"version-history":[{"count":1,"href":"https:\/\/www.caririemacao.com\/1\/wp-json\/wp\/v2\/posts\/118100\/revisions"}],"predecessor-version":[{"id":118103,"href":"https:\/\/www.caririemacao.com\/1\/wp-json\/wp\/v2\/posts\/118100\/revisions\/118103"}],"wp:featuredmedia":[{"embeddable":true,"href":"https:\/\/www.caririemacao.com\/1\/wp-json\/wp\/v2\/media\/118102"}],"wp:attachment":[{"href":"https:\/\/www.caririemacao.com\/1\/wp-json\/wp\/v2\/media?parent=118100"}],"wp:term":[{"taxonomy":"category","embeddable":true,"href":"https:\/\/www.caririemacao.com\/1\/wp-json\/wp\/v2\/categories?post=118100"},{"taxonomy":"post_tag","embeddable":true,"href":"https:\/\/www.caririemacao.com\/1\/wp-json\/wp\/v2\/tags?post=118100"}],"curies":[{"name":"wp","href":"https:\/\/api.w.org\/{rel}","templated":true}]}}