{"id":118130,"date":"2019-09-20T07:44:12","date_gmt":"2019-09-20T10:44:12","guid":{"rendered":"http:\/\/www.caririemacao.com\/1\/?p=118130"},"modified":"2019-09-20T07:44:12","modified_gmt":"2019-09-20T10:44:12","slug":"a-cidade-de-prata-inaugura-academia-da-saude-em-outubro","status":"publish","type":"post","link":"https:\/\/www.caririemacao.com\/1\/2019\/09\/20\/a-cidade-de-prata-inaugura-academia-da-saude-em-outubro\/","title":{"rendered":"A cidade de prata inaugura academia da sa\u00fade  em Outubro"},"content":{"rendered":"\n<figure class=\"wp-block-image\"><a href=\"https:\/\/1.bp.blogspot.com\/-vxPTglXw9V0\/XYFUHLWGBzI\/AAAAAAAAAxg\/Kva7Frelr_kDas9I2m_lLq-5i_azx8b_QCNcBGAsYHQ\/s1600\/IMG-20190917-WA0250.jpg\"><img decoding=\"async\" data-src=\"https:\/\/1.bp.blogspot.com\/-vxPTglXw9V0\/XYFUHLWGBzI\/AAAAAAAAAxg\/Kva7Frelr_kDas9I2m_lLq-5i_azx8b_QCNcBGAsYHQ\/s280\/IMG-20190917-WA0250.jpg\" alt=\"\" src=\"data:image\/svg+xml;base64,PHN2ZyB3aWR0aD0iMSIgaGVpZ2h0PSIxIiB4bWxucz0iaHR0cDovL3d3dy53My5vcmcvMjAwMC9zdmciPjwvc3ZnPg==\" class=\"lazyload\" \/><\/a><\/figure>\n\n\n\n<p>A Prefeitura Municipal de Prata e a Secretaria Municipal de Sa\u00fade, realiza a inaugura\u00e7\u00e3o da Academia de Sa\u00fade no m\u00eas de outubro, data ainda a ser marcada.<br>A Academia da Sa\u00fade da cidade Prata, foi uma parceria da Prefeitura Municipal de Prata, Secretaria Municipal de Sa\u00fade e Minist\u00e9rio da Sa\u00fade do Governo Federal<br>A&nbsp; Academia da Sa\u00fade, que leva o nome de Jess\u00e9 Salvador de lima, uma homenagem merecida a uma pessoa que prestou um importante servi\u00e7o ao munic\u00edpio, ajudando a quem mais precisava.<br>A Academia da Sa\u00fade \u00e9 mais uma obra com a marca do Governo, J\u00fanior N\u00f3brega, pensando em dar qualidade de vida melhor a popula\u00e7\u00e3o, foi constru\u00edda essa obra, que vai servir o povo na pr\u00e1tica de ex\u00e9rcicio, e serve tamb\u00e9m como laser, para o bate papo do dia &#8211; dia.<br>A Secret\u00e1ria de Sa\u00fade Maria Aparecida disse que n\u00e3o ver a hora para&nbsp; mais uma obra que vai servir a popula\u00e7\u00e3o.<br>Para o Prefeito J\u00fanior N\u00f3brega, essa obra \u00e9 de grande import\u00e2ncia para a cidade, que vai beneficiar, toda a classe de Jovens ,a adolescentes Adultos e Idosos, e \u00e9 com muita alegria fa\u00e7o a entrega ao povo da minha Cidade.&nbsp; &nbsp; &nbsp; &nbsp; &nbsp; &nbsp; &nbsp; &nbsp; &nbsp; &nbsp; &nbsp; &nbsp; &nbsp; &nbsp; &nbsp; &nbsp; &nbsp; &nbsp; &nbsp; &nbsp; &nbsp; &nbsp;&nbsp;<\/p>\n\n\n\n<figure class=\"wp-block-image\"><a href=\"https:\/\/1.bp.blogspot.com\/-BEBF5hhSPn4\/XYFTvWa34iI\/AAAAAAAAAxI\/sfVSy5nb34IydWqhjvtYjIKXuBUuGRGEQCNcBGAsYHQ\/s1600\/IMG-20190917-WA0258.jpg\"><img decoding=\"async\" data-src=\"https:\/\/1.bp.blogspot.com\/-BEBF5hhSPn4\/XYFTvWa34iI\/AAAAAAAAAxI\/sfVSy5nb34IydWqhjvtYjIKXuBUuGRGEQCNcBGAsYHQ\/s280\/IMG-20190917-WA0258.jpg\" alt=\"\" src=\"data:image\/svg+xml;base64,PHN2ZyB3aWR0aD0iMSIgaGVpZ2h0PSIxIiB4bWxucz0iaHR0cDovL3d3dy53My5vcmcvMjAwMC9zdmciPjwvc3ZnPg==\" class=\"lazyload\" \/><\/a><\/figure>\n\n\n\n<figure class=\"wp-block-image\"><a href=\"https:\/\/1.bp.blogspot.com\/-hDkPJV5P4U0\/XYFT1gSBBnI\/AAAAAAAAAxQ\/iDj0bTHiKTcJ-u1ccFHSur02cOP0qcyNACNcBGAsYHQ\/s1600\/IMG-20190917-WA0238.jpg\"><img decoding=\"async\" data-src=\"https:\/\/1.bp.blogspot.com\/-hDkPJV5P4U0\/XYFT1gSBBnI\/AAAAAAAAAxQ\/iDj0bTHiKTcJ-u1ccFHSur02cOP0qcyNACNcBGAsYHQ\/s280\/IMG-20190917-WA0238.jpg\" alt=\"\" src=\"data:image\/svg+xml;base64,PHN2ZyB3aWR0aD0iMSIgaGVpZ2h0PSIxIiB4bWxucz0iaHR0cDovL3d3dy53My5vcmcvMjAwMC9zdmciPjwvc3ZnPg==\" class=\"lazyload\" \/><\/a><\/figure>\n\n\n\n<figure class=\"wp-block-image\"><a href=\"https:\/\/1.bp.blogspot.com\/-FPDsBaKxHF8\/XYFT-82EfwI\/AAAAAAAAAxU\/2NWkm782onA5t5ejmLVleqzZDPUqahXWwCNcBGAsYHQ\/s1600\/IMG-20190917-WA0244.jpg\"><img decoding=\"async\" data-src=\"https:\/\/1.bp.blogspot.com\/-FPDsBaKxHF8\/XYFT-82EfwI\/AAAAAAAAAxU\/2NWkm782onA5t5ejmLVleqzZDPUqahXWwCNcBGAsYHQ\/s280\/IMG-20190917-WA0244.jpg\" alt=\"\" src=\"data:image\/svg+xml;base64,PHN2ZyB3aWR0aD0iMSIgaGVpZ2h0PSIxIiB4bWxucz0iaHR0cDovL3d3dy53My5vcmcvMjAwMC9zdmciPjwvc3ZnPg==\" class=\"lazyload\" \/><\/a><\/figure>\n","protected":false},"excerpt":{"rendered":"<p>A Prefeitura Municipal de Prata e a Secretaria Municipal de Sa\u00fade, realiza a inaugura\u00e7\u00e3o da Academia de Sa\u00fade no m\u00eas de outubro, data ainda a&hellip; <\/p>\n","protected":false},"author":1,"featured_media":118132,"comment_status":"closed","ping_status":"closed","sticky":false,"template":"","format":"standard","meta":{"sfsi_plus_gutenberg_text_before_share":"","sfsi_plus_gutenberg_show_text_before_share":"","sfsi_plus_gutenberg_icon_type":"","sfsi_plus_gutenberg_icon_alignemt":"","sfsi_plus_gutenburg_max_per_row":"","footnotes":""},"categories":[50,2],"tags":[],"class_list":["post-118130","post","type-post","status-publish","format-standard","has-post-thumbnail","hentry","category-destaque","category-geral"],"_links":{"self":[{"href":"https:\/\/www.caririemacao.com\/1\/wp-json\/wp\/v2\/posts\/118130","targetHints":{"allow":["GET"]}}],"collection":[{"href":"https:\/\/www.caririemacao.com\/1\/wp-json\/wp\/v2\/posts"}],"about":[{"href":"https:\/\/www.caririemacao.com\/1\/wp-json\/wp\/v2\/types\/post"}],"author":[{"embeddable":true,"href":"https:\/\/www.caririemacao.com\/1\/wp-json\/wp\/v2\/users\/1"}],"replies":[{"embeddable":true,"href":"https:\/\/www.caririemacao.com\/1\/wp-json\/wp\/v2\/comments?post=118130"}],"version-history":[{"count":1,"href":"https:\/\/www.caririemacao.com\/1\/wp-json\/wp\/v2\/posts\/118130\/revisions"}],"predecessor-version":[{"id":118133,"href":"https:\/\/www.caririemacao.com\/1\/wp-json\/wp\/v2\/posts\/118130\/revisions\/118133"}],"wp:featuredmedia":[{"embeddable":true,"href":"https:\/\/www.caririemacao.com\/1\/wp-json\/wp\/v2\/media\/118132"}],"wp:attachment":[{"href":"https:\/\/www.caririemacao.com\/1\/wp-json\/wp\/v2\/media?parent=118130"}],"wp:term":[{"taxonomy":"category","embeddable":true,"href":"https:\/\/www.caririemacao.com\/1\/wp-json\/wp\/v2\/categories?post=118130"},{"taxonomy":"post_tag","embeddable":true,"href":"https:\/\/www.caririemacao.com\/1\/wp-json\/wp\/v2\/tags?post=118130"}],"curies":[{"name":"wp","href":"https:\/\/api.w.org\/{rel}","templated":true}]}}