{"id":118160,"date":"2019-09-20T09:08:52","date_gmt":"2019-09-20T12:08:52","guid":{"rendered":"http:\/\/www.caririemacao.com\/1\/?p=118160"},"modified":"2019-09-20T09:08:52","modified_gmt":"2019-09-20T12:08:52","slug":"paraiba-tem-cinco-casos-confirmados-de-sarampo-e-35-em-investigacao","status":"publish","type":"post","link":"https:\/\/www.caririemacao.com\/1\/2019\/09\/20\/paraiba-tem-cinco-casos-confirmados-de-sarampo-e-35-em-investigacao\/","title":{"rendered":"Para\u00edba tem cinco casos confirmados de sarampo e 35 em investiga\u00e7\u00e3o"},"content":{"rendered":"\n<p>&nbsp;Para\u00edba tem cinco casos de sarampo confirmados e outros 35 em investiga\u00e7\u00e3o, segundo o secret\u00e1rio de Sa\u00fade do Estado, Geraldo Medeiros. Os casos confirmados envolvem tr\u00eas homens e duas mulheres, com idades de 24 a 45 anos, sendo um deles residente no munic\u00edpio de Barra de S\u00e3o Miguel e quatro em Jo\u00e3o Pessoa. Em todo o pa\u00eds, segundo o Minist\u00e9rio da Sa\u00fade, 3.909 casos foram confirmados nos \u00faltimos 90 dias.&nbsp;<\/p>\n\n\n\n<p>Dois dos pacientes estiveram em Pernambuco antes de come\u00e7ar a manifestar os sintomas da doen\u00e7a e outros dois estiveram em S\u00e3o Paulo. Apenas um paciente n\u00e3o tem hist\u00f3rico de viagem. Al\u00e9m disso, uma paciente de 32 anos, residente em Jo\u00e3o Pessoa, era vacinada.<\/p>\n\n\n\n<p>O sarampo \u00e9 uma doen\u00e7a infectocontagiosa febril, aguda e contagiosa, de transmiss\u00e3o respirat\u00f3ria, e que pode ser fatal, principalmente em crian\u00e7as menores de cinco anos de idade. Os principais sintomas s\u00e3o febre acompanhada de tosse, irrita\u00e7\u00e3o nos olhos, nariz escorrendo ou entupido, mal-estar intenso.<\/p>\n\n\n\n<p>A doen\u00e7a pode ser evitada por meio de vacina. Em Jo\u00e3o Pessoa, a vacina \u00e9 oferecida nas seguintes unidades: USF Integrada Cruz das Armas, USF Integrada Esta\u00e7\u00e3o Sa\u00fade (Ernesto Geisel), USF Integrada Mangabeira, USF Integrada Viver Bem (Treze de Maio), USF Integrada Santa Clara (Castelo Branco) e Centro Municipal de Imuniza\u00e7\u00f5es (Torre).<\/p>\n\n\n\n<p>As unidades de sa\u00fade da fam\u00edlia funcionam de segunda a sexta-feira, das 7h \u00e0s 11h e das 12h \u00e0s 16h. J\u00e1 o Centro de Imuniza\u00e7\u00f5es funciona de segunda a sexta-feira, das 8h \u00e0s 16h.<\/p>\n","protected":false},"excerpt":{"rendered":"<p>&nbsp;Para\u00edba tem cinco casos de sarampo confirmados e outros 35 em investiga\u00e7\u00e3o, segundo o secret\u00e1rio de Sa\u00fade do Estado, Geraldo Medeiros. Os casos confirmados envolvem&hellip; <\/p>\n","protected":false},"author":1,"featured_media":118162,"comment_status":"closed","ping_status":"closed","sticky":false,"template":"","format":"standard","meta":{"sfsi_plus_gutenberg_text_before_share":"","sfsi_plus_gutenberg_show_text_before_share":"","sfsi_plus_gutenberg_icon_type":"","sfsi_plus_gutenberg_icon_alignemt":"","sfsi_plus_gutenburg_max_per_row":"","footnotes":""},"categories":[16],"tags":[],"class_list":["post-118160","post","type-post","status-publish","format-standard","has-post-thumbnail","hentry","category-saude"],"_links":{"self":[{"href":"https:\/\/www.caririemacao.com\/1\/wp-json\/wp\/v2\/posts\/118160","targetHints":{"allow":["GET"]}}],"collection":[{"href":"https:\/\/www.caririemacao.com\/1\/wp-json\/wp\/v2\/posts"}],"about":[{"href":"https:\/\/www.caririemacao.com\/1\/wp-json\/wp\/v2\/types\/post"}],"author":[{"embeddable":true,"href":"https:\/\/www.caririemacao.com\/1\/wp-json\/wp\/v2\/users\/1"}],"replies":[{"embeddable":true,"href":"https:\/\/www.caririemacao.com\/1\/wp-json\/wp\/v2\/comments?post=118160"}],"version-history":[{"count":1,"href":"https:\/\/www.caririemacao.com\/1\/wp-json\/wp\/v2\/posts\/118160\/revisions"}],"predecessor-version":[{"id":118163,"href":"https:\/\/www.caririemacao.com\/1\/wp-json\/wp\/v2\/posts\/118160\/revisions\/118163"}],"wp:featuredmedia":[{"embeddable":true,"href":"https:\/\/www.caririemacao.com\/1\/wp-json\/wp\/v2\/media\/118162"}],"wp:attachment":[{"href":"https:\/\/www.caririemacao.com\/1\/wp-json\/wp\/v2\/media?parent=118160"}],"wp:term":[{"taxonomy":"category","embeddable":true,"href":"https:\/\/www.caririemacao.com\/1\/wp-json\/wp\/v2\/categories?post=118160"},{"taxonomy":"post_tag","embeddable":true,"href":"https:\/\/www.caririemacao.com\/1\/wp-json\/wp\/v2\/tags?post=118160"}],"curies":[{"name":"wp","href":"https:\/\/api.w.org\/{rel}","templated":true}]}}