{"id":118170,"date":"2019-09-20T09:11:51","date_gmt":"2019-09-20T12:11:51","guid":{"rendered":"http:\/\/www.caririemacao.com\/1\/?p=118170"},"modified":"2019-09-20T09:11:51","modified_gmt":"2019-09-20T12:11:51","slug":"homem-e-torturado-com-cabo-de-vassoura-e-choques-em-supermercado-extra","status":"publish","type":"post","link":"https:\/\/www.caririemacao.com\/1\/2019\/09\/20\/homem-e-torturado-com-cabo-de-vassoura-e-choques-em-supermercado-extra\/","title":{"rendered":"Homem \u00e9 torturado com cabo de vassoura e choques em supermercado Extra"},"content":{"rendered":"\n<p>Um v\u00eddeo que circula nas redes sociais mostra um homem torturado com cabo de vassouras e choques dentro de um supermercado Extra localizado na Zona Sul de S\u00e3o Paulo. O homem teria siro torturado supostamente pelos seguran\u00e7as do local.<\/p>\n\n\n\n<p>No v\u00eddeo, as pessoas que aparecem torturando a v\u00edtima, obrigam o homem a falar: &#8220;galera, n\u00e3o rouba mais no Extra Morumbi&#8221;. Depois, eles batem nas m\u00e3os dele com um tipo de bast\u00e3o de pl\u00e1stico e pedem pra dizer: &#8220;eu errei e me ferrei&#8221; e o homem repete. Na sequ\u00eancia, o homem come\u00e7a a tremer e apanha de novo com o bast\u00e3o.<\/p>\n\n\n\n<p>Procurado, o Extra afirmou que demitiu um funcion\u00e1rio ap\u00f3s investigar o caso internamente, e que afastou a empresa de seguran\u00e7a e os seguran\u00e7as da unidade do Morumbi. De acordo com a rede, a princ\u00edpio, o caso teria ocorrido em mar\u00e7o de 2018.&nbsp;<\/p>\n\n\n\n<figure><iframe width=\"727\" height=\"409\" data-src=\"https:\/\/www.youtube.com\/embed\/FaGijQNscTI\" allowfullscreen=\"\" src=\"data:image\/svg+xml;base64,PHN2ZyB3aWR0aD0iMSIgaGVpZ2h0PSIxIiB4bWxucz0iaHR0cDovL3d3dy53My5vcmcvMjAwMC9zdmciPjwvc3ZnPg==\" class=\"lazyload\" data-load-mode=\"1\"><\/iframe><\/figure>\n\n\n\n<p><strong>Confira nota:<\/strong><\/p>\n\n\n\n<p>&#8220;O Extra iniciou as apura\u00e7\u00f5es internas assim que tomou conhecimento do conte\u00fado das imagens.&nbsp;<\/p>\n\n\n\n<p>A&nbsp;empresa de seguran\u00e7a preventiva j\u00e1 fez um B.O.&nbsp;<\/p>\n\n\n\n<p>O colaborador envolvido foi imediatamente afastado quando tivemos conhecimento do conte\u00fado. E, hoje, depois de avaliada a conclus\u00e3o parcial das apura\u00e7\u00f5es iniciais, ele foi desligado. A empresa de seguran\u00e7a e os seguran\u00e7as envolvidos foram afastados das opera\u00e7\u00f5es da loja quando tivemos conhecimento do conte\u00fado dos v\u00eddeos.<\/p>\n\n\n\n<p>As apura\u00e7\u00f5es preliminares indicam que o ocorrido foi em mar\u00e7o de 2018, na loja do Extra Morumbi&#8221;, diz a nota.<\/p>\n\n\n\n<figure class=\"wp-block-image\"><img decoding=\"async\" data-src=\"https:\/\/www.clickpb.com.br\/media\/filer_public\/a2\/19\/a219ccf4-a118-4b0d-b853-d286255f6fad\/tortura_extra_1.jpeg\" alt=\"\" src=\"data:image\/svg+xml;base64,PHN2ZyB3aWR0aD0iMSIgaGVpZ2h0PSIxIiB4bWxucz0iaHR0cDovL3d3dy53My5vcmcvMjAwMC9zdmciPjwvc3ZnPg==\" class=\"lazyload\" \/><\/figure>\n\n\n\n<figure class=\"wp-block-image\"><img decoding=\"async\" data-src=\"https:\/\/www.clickpb.com.br\/media\/filer_public\/b0\/e9\/b0e97077-ba7d-4241-8dcc-bc9ea80580fe\/tortura_extra_2.jpeg\" alt=\"\" src=\"data:image\/svg+xml;base64,PHN2ZyB3aWR0aD0iMSIgaGVpZ2h0PSIxIiB4bWxucz0iaHR0cDovL3d3dy53My5vcmcvMjAwMC9zdmciPjwvc3ZnPg==\" class=\"lazyload\" \/><\/figure>\n\n\n\n<p>Caso semelhante aconteceu no supermercado Ricoy, tamb\u00e9m na Zona Sul da cidade. Nesta \u00faltima nesta ter\u00e7a-feira (17), a Justi\u00e7a aceitou a den\u00fancia oferecida pelo Minist\u00e9rio P\u00fablico e os dois seguran\u00e7as acusados de torturar um adolescente de 17 anos em um supermercado na Zona Sul de S\u00e3o Paulo se tornaram r\u00e9us.<\/p>\n\n\n\n<p>David de OIiveira Fernandes e Valdir Bispo v\u00e3o ser julgados por tortura, c\u00e1rcere privado e divulga\u00e7\u00e3o de cenas de nudez.<\/p>\n\n\n\n<p>A partir de agora, os advogados dos seguran\u00e7as tem um prazo de dez dias para apresentarem defesa pr\u00e9via, por escrito, contra a acusa\u00e7\u00e3o. Na segunda-feira (16) a Justi\u00e7a determinou a pris\u00e3o preventiva dos seguran\u00e7as.<\/p>\n\n\n\n<p>De acordo com Fermison Guzman Moreira Heredia, advogado de Valdir Bispo, seu cliente \u201cvai esclarecer para a Justi\u00e7a o que aconteceu no momento oportuno\u201d. \u201cO processo corre em segredo de Justi\u00e7a, acabei de ser informado sobre o recebimento da den\u00fancia\u201d, disse o advogado.<\/p>\n\n\n\n<p>A GloboNews tamb\u00e9m conversou, por telefone, com Fl\u00e1vio Munhoz Assis, advogado do seguran\u00e7a David de Oliveira Fernandes. Ele disse que s\u00f3 far\u00e1 qualquer declara\u00e7\u00e3o sobre o caso depois que conversar com o seu cliente sobre o recebimento da den\u00fancia, o que ainda n\u00e3o aconteceu.<\/p>\n\n\n\n<p>A Justi\u00e7a marcou para o dia 11 de outubro a primeira audi\u00eancia de instru\u00e7\u00e3o desse caso.<\/p>\n\n\n\n<figure class=\"wp-block-image\"><img decoding=\"async\" data-src=\"https:\/\/www.clickpb.com.br\/media\/filer_public\/7c\/f0\/7cf0ab11-bac9-4c66-8b65-ff9d3ba5ea28\/tortura_extra_3.jpeg\" alt=\"\" src=\"data:image\/svg+xml;base64,PHN2ZyB3aWR0aD0iMSIgaGVpZ2h0PSIxIiB4bWxucz0iaHR0cDovL3d3dy53My5vcmcvMjAwMC9zdmciPjwvc3ZnPg==\" class=\"lazyload\" \/><\/figure>\n\n\n\n<p><strong>Agress\u00e3o<\/strong><\/p>\n\n\n\n<p>Segundo o jovem torturado, a agress\u00e3o aconteceu em agosto. O v\u00eddeo mostra ainda o jovem nu, com as m\u00e3os amarradas e a boca amorda\u00e7ada, sendo chicoteado pelos seguran\u00e7as em uma sala do supermercado Ricoy. Um dos seguran\u00e7as confessou que gravou o v\u00eddeo.<\/p>\n\n\n\n<p>O jovem conta ainda que foi chicoteado com fios el\u00e9tricos tran\u00e7ados e amea\u00e7ado de morte. Segundo ele, essa foi a terceira vez que ele foi agredido por esses mesmos seguran\u00e7as.<\/p>\n\n\n\n<p>De acordo com o boletim de ocorr\u00eancia, o adolescente disse que tentou furtar uma barra de chocolate quando foi abordado. Segundo o jovem, os dois seguran\u00e7as o levaram para um quarto nos fundos da loja, onde ele foi despido, amorda\u00e7ado e amarrado. Ele contou que foi chicoteado por cerca de quarenta minutos.<\/p>\n\n\n\n<p>&#8220;Eu fui pegar um chocolate. A\u00ed, eles me pegou [sic] me levou no quartinho me deu uma p\u00e1 de chicotada. A\u00ed ele falou que se eu falasse pra algu\u00e9m ele ia me matar ainda, me amea\u00e7ou de morte. Muita maldade isso da\u00ed&#8221;, disse o jovem ao SP2.<\/p>\n\n\n\n<p>O inqu\u00e9rito foi instaurado pelo delegado Pedro Luiz de Sousa, do 80\u00ba Distrito Policial, na Vila Joaniza.<\/p>\n\n\n\n<p>Em nota, a assessoria de imprensa do supermercado disse que repugna a atitude dos seguran\u00e7as e tomou conhecimento dos fatos por interm\u00e9dio da reportagem. \u201cA empresa repugna esta atitude e foi com indigna\u00e7\u00e3o que tomou conhecimento dos fatos por interm\u00e9dio da reportagem. Que a empresa n\u00e3o coaduna com nenhum tipo de ilegalidade e colaborar\u00e1 com as autoridades competentes envolvidas na apura\u00e7\u00e3o do caso, a fim de tomar as provid\u00eancias cab\u00edveis&#8221;, diz a nota.<\/p>\n","protected":false},"excerpt":{"rendered":"<p>Um v\u00eddeo que circula nas redes sociais mostra um homem torturado com cabo de vassouras e choques dentro de um supermercado Extra localizado na Zona&hellip; <\/p>\n","protected":false},"author":1,"featured_media":118172,"comment_status":"closed","ping_status":"closed","sticky":false,"template":"","format":"standard","meta":{"sfsi_plus_gutenberg_text_before_share":"","sfsi_plus_gutenberg_show_text_before_share":"","sfsi_plus_gutenberg_icon_type":"","sfsi_plus_gutenberg_icon_alignemt":"","sfsi_plus_gutenburg_max_per_row":"","footnotes":""},"categories":[2],"tags":[],"class_list":["post-118170","post","type-post","status-publish","format-standard","has-post-thumbnail","hentry","category-geral"],"_links":{"self":[{"href":"https:\/\/www.caririemacao.com\/1\/wp-json\/wp\/v2\/posts\/118170","targetHints":{"allow":["GET"]}}],"collection":[{"href":"https:\/\/www.caririemacao.com\/1\/wp-json\/wp\/v2\/posts"}],"about":[{"href":"https:\/\/www.caririemacao.com\/1\/wp-json\/wp\/v2\/types\/post"}],"author":[{"embeddable":true,"href":"https:\/\/www.caririemacao.com\/1\/wp-json\/wp\/v2\/users\/1"}],"replies":[{"embeddable":true,"href":"https:\/\/www.caririemacao.com\/1\/wp-json\/wp\/v2\/comments?post=118170"}],"version-history":[{"count":1,"href":"https:\/\/www.caririemacao.com\/1\/wp-json\/wp\/v2\/posts\/118170\/revisions"}],"predecessor-version":[{"id":118173,"href":"https:\/\/www.caririemacao.com\/1\/wp-json\/wp\/v2\/posts\/118170\/revisions\/118173"}],"wp:featuredmedia":[{"embeddable":true,"href":"https:\/\/www.caririemacao.com\/1\/wp-json\/wp\/v2\/media\/118172"}],"wp:attachment":[{"href":"https:\/\/www.caririemacao.com\/1\/wp-json\/wp\/v2\/media?parent=118170"}],"wp:term":[{"taxonomy":"category","embeddable":true,"href":"https:\/\/www.caririemacao.com\/1\/wp-json\/wp\/v2\/categories?post=118170"},{"taxonomy":"post_tag","embeddable":true,"href":"https:\/\/www.caririemacao.com\/1\/wp-json\/wp\/v2\/tags?post=118170"}],"curies":[{"name":"wp","href":"https:\/\/api.w.org\/{rel}","templated":true}]}}