{"id":118176,"date":"2019-09-20T09:14:04","date_gmt":"2019-09-20T12:14:04","guid":{"rendered":"http:\/\/www.caririemacao.com\/1\/?p=118176"},"modified":"2019-09-20T09:14:04","modified_gmt":"2019-09-20T12:14:04","slug":"crianca-atingida-com-tiro-na-cabeca-em-catole-do-rocha-teve-fratura-e-afundamento-do-cranio","status":"publish","type":"post","link":"https:\/\/www.caririemacao.com\/1\/2019\/09\/20\/crianca-atingida-com-tiro-na-cabeca-em-catole-do-rocha-teve-fratura-e-afundamento-do-cranio\/","title":{"rendered":"Crian\u00e7a atingida com tiro na cabe\u00e7a em Catol\u00e9 do Rocha teve fratura e afundamento do cr\u00e2nio"},"content":{"rendered":"\n<p>\u00a0A crian\u00e7a de 12 anos que foi atingida com um tiro acidental na cabe\u00e7a, na cidade de Catol\u00e9 do Rocha, na Para\u00edba, teve fratura e afundamento do cr\u00e2nio. O acidente aconteceu, na noite desta quinta-feira (19), quando\u00a0<a href=\"https:\/\/www.clickpb.com.br\/Policial\/crianca-atinge-irmao-com-um-tiro-na-cabeca-apos-arma-disparar-acidentalmente-em-catole-do-rocha-268188.html\">ele e o irm\u00e3o, um adolescente de 14 anos<\/a>\u00a0estavam brincando com a arma do pai.<\/p>\n\n\n\n<p>O menino foi socorrido para o&nbsp;Hospital Regional Dr. Am\u00e9rico Maia de Vasconcelos de Catol\u00e9 do Rocha e transferido para o Hospital de Trauma de Campina Grande.<\/p>\n\n\n\n<p>De acordo com a m\u00e9dica Dra. Noadja Andrade, a crian\u00e7a sofreu uma fratura e afundamento do cr\u00e2nio,&nbsp;passou por cirurgia, e est\u00e1 internada na Unidade de Terapia Intensiva (UTI). O estado \u00e9 considerado grave, por\u00e9m est\u00e1vel.&nbsp;<\/p>\n\n\n\n<p>O pai da crian\u00e7a deve prestar depoimento nesta sexta-feira (20).<\/p>\n","protected":false},"excerpt":{"rendered":"<p>\u00a0A crian\u00e7a de 12 anos que foi atingida com um tiro acidental na cabe\u00e7a, na cidade de Catol\u00e9 do Rocha, na Para\u00edba, teve fratura e&hellip; <\/p>\n","protected":false},"author":1,"featured_media":118178,"comment_status":"closed","ping_status":"closed","sticky":false,"template":"","format":"standard","meta":{"sfsi_plus_gutenberg_text_before_share":"","sfsi_plus_gutenberg_show_text_before_share":"","sfsi_plus_gutenberg_icon_type":"","sfsi_plus_gutenberg_icon_alignemt":"","sfsi_plus_gutenburg_max_per_row":"","footnotes":""},"categories":[2],"tags":[],"class_list":["post-118176","post","type-post","status-publish","format-standard","has-post-thumbnail","hentry","category-geral"],"_links":{"self":[{"href":"https:\/\/www.caririemacao.com\/1\/wp-json\/wp\/v2\/posts\/118176","targetHints":{"allow":["GET"]}}],"collection":[{"href":"https:\/\/www.caririemacao.com\/1\/wp-json\/wp\/v2\/posts"}],"about":[{"href":"https:\/\/www.caririemacao.com\/1\/wp-json\/wp\/v2\/types\/post"}],"author":[{"embeddable":true,"href":"https:\/\/www.caririemacao.com\/1\/wp-json\/wp\/v2\/users\/1"}],"replies":[{"embeddable":true,"href":"https:\/\/www.caririemacao.com\/1\/wp-json\/wp\/v2\/comments?post=118176"}],"version-history":[{"count":1,"href":"https:\/\/www.caririemacao.com\/1\/wp-json\/wp\/v2\/posts\/118176\/revisions"}],"predecessor-version":[{"id":118179,"href":"https:\/\/www.caririemacao.com\/1\/wp-json\/wp\/v2\/posts\/118176\/revisions\/118179"}],"wp:featuredmedia":[{"embeddable":true,"href":"https:\/\/www.caririemacao.com\/1\/wp-json\/wp\/v2\/media\/118178"}],"wp:attachment":[{"href":"https:\/\/www.caririemacao.com\/1\/wp-json\/wp\/v2\/media?parent=118176"}],"wp:term":[{"taxonomy":"category","embeddable":true,"href":"https:\/\/www.caririemacao.com\/1\/wp-json\/wp\/v2\/categories?post=118176"},{"taxonomy":"post_tag","embeddable":true,"href":"https:\/\/www.caririemacao.com\/1\/wp-json\/wp\/v2\/tags?post=118176"}],"curies":[{"name":"wp","href":"https:\/\/api.w.org\/{rel}","templated":true}]}}